{"id":7035,"date":"2021-02-05T16:50:14","date_gmt":"2021-02-05T15:50:14","guid":{"rendered":"http:\/\/blog.espe-bretagne.fr\/prodm1vannes\/?p=7035"},"modified":"2021-05-13T15:16:18","modified_gmt":"2021-05-13T13:16:18","slug":"la-differenciation-gage-de-motivation","status":"publish","type":"post","link":"https:\/\/blog.espe-bretagne.fr\/prodm1vannes\/la-differenciation-gage-de-motivation\/","title":{"rendered":"La pyramide de Maslow, base de la motivation scolaire ?"},"content":{"rendered":"<p><b>Qu\u2019est-ce que la motivation ? Peut-elle affecter le climat de classe ? Comment s\u2019explique-t-elle ? Et surtout, comment motiver les \u00e9l\u00e8ves ? Cet article tente de r\u00e9pondre \u00e0 ces questions en s\u2019appuyant sur la th\u00e9orie de la motivation (la pyramide de Maslow) d\u00e9velopp\u00e9e par Abraham Maslow.<\/b><\/p>\n<h3><b>La motivation, qu&rsquo;est-ce que c&rsquo;est ?<\/b><span style=\"font-weight: 400\">\u00a0<\/span><\/h3>\n<p><span style=\"font-weight: 400\">D\u2019apr\u00e8s le Larousse, la motivation c\u2019est l\u2019ensemble des \u00ab raisons, int\u00e9r\u00eats, \u00e9l\u00e9ments qui poussent quelqu&rsquo;un dans son action \u00bb.<\/span><\/p>\n<p><span style=\"font-weight: 400\"><img loading=\"lazy\" decoding=\"async\" class=\"size-full wp-image-9804 alignleft\" src=\"http:\/\/blog.espe-bretagne.fr\/prodm1vannes\/wp-content\/uploads\/2021\/02\/Capture-decran-2021-05-12-a-12.06.16.png\" alt=\"\" width=\"242\" height=\"183\" \/>Dans le cartoon Bip Bip et Coyote, Bip Bip est un oiseau tr\u00e8s rapide qui passe son temps \u00e0 sillonner les paysages d\u00e9sertiques tandis que Vil Coyote tente de l\u2019attraper en construisant des pi\u00e8ges. <\/span><span style=\"font-weight: 400\">Ici, la situation est plut\u00f4t simple, Coyote trouve sa motivation dans cette traque car son souhait est de manger Bip Bip. Il est donc motiv\u00e9 par la faim.<\/span><\/p>\n<p>&nbsp;<\/p>\n<p><span style=\"font-weight: 400\">Un autre exemple moins \u00e9vident ? Le juge Claude Frollo dans Le bossu de Notre-Dame des studios Disney.<\/span><\/p>\n<p><span style=\"font-weight: 400\"><img loading=\"lazy\" decoding=\"async\" class=\"size-medium wp-image-9430 alignleft\" src=\"http:\/\/blog.espe-bretagne.fr\/prodm1vannes\/wp-content\/uploads\/2021\/02\/Claude-300x168.jpg\" alt=\"\" width=\"300\" height=\"168\" srcset=\"https:\/\/blog.espe-bretagne.fr\/prodm1vannes\/wp-content\/uploads\/2021\/02\/Claude-300x168.jpg 300w, https:\/\/blog.espe-bretagne.fr\/prodm1vannes\/wp-content\/uploads\/2021\/02\/Claude.jpg 310w\" sizes=\"auto, (max-width: 300px) 100vw, 300px\" \/><\/span><\/p>\n<p><span style=\"font-weight: 400\">Au d\u00e9but du film, Frollo songe d\u2019abord \u00e0 se d\u00e9barrasser de Quasimodo lorsqu\u2019il est encore b\u00e9b\u00e9 puis se ravise. Il finit par l\u2019\u00e9lever \u00e0 l\u2019abri des regards pour ne pas commettre de crime qui entacherait son \u00e2me. La motivation de Frollo n\u2019a donc rien \u00e0 voir avec Quasimodo mais plut\u00f4t avec ses convictions religieuses. <\/span><span style=\"font-weight: 400\">Ainsi, nous avons l\u00e0 deux situations o\u00f9 les personnages trouvent leur motivation \u00e0 tendre des pi\u00e8ges pour l\u2019un et \u00e0 \u00e9lever un enfant pour l\u2019autre dans un but pr\u00e9cis, dans l\u2019objectif de recevoir une r\u00e9compense.<\/span><\/p>\n<p><span style=\"font-weight: 400\">Lorsque nous agissons, comme ces personnages anim\u00e9s, parce qu\u2019un \u00e9l\u00e9ment externe vient nous stimuler, on parle de <strong>motivation extrins\u00e8que<\/strong>. Nous trouvons notre motivation dans des facteurs ext\u00e9rieurs qui peuvent nous \u00ab forcer \u00bb \u00e0 agir. Nous allons faire quelque chose dans l\u2019objectif d\u2019acqu\u00e9rir un dipl\u00f4me, de devenir riche ou d\u2019avoir une meilleure condition physique par exemple.<\/span><\/p>\n<p><span style=\"font-weight: 400\">Les \u00e9l\u00e8ves ayant une motivation extrins\u00e8que sont anim\u00e9s par la volont\u00e9 des parents de les voir r\u00e9ussir ou encore par des pressions ext\u00e9rieures comme la peur de ne pas avoir de travail plus tard. <\/span><\/p>\n<p><span style=\"font-weight: 400\">A l\u2019inverse, lorsque l\u2019on trouve la motivation de faire quelque chose car cela nous fait plaisir ou nous int\u00e9resse r\u00e9ellement, alors nous appelons \u00e7a la <strong>motivation intrins\u00e8que.<\/strong><\/span><\/p>\n<p><span style=\"font-weight: 400\">Encore un exemple ? Le personnage de Forrest Gump tout au long du film \u00e9ponyme est motiv\u00e9 presque uniquement par une motivation intrins\u00e8que.<\/span><\/p>\n<p><img loading=\"lazy\" decoding=\"async\" class=\"size-medium wp-image-7601 aligncenter\" src=\"http:\/\/blog.espe-bretagne.fr\/prodm1vannes\/wp-content\/uploads\/2021\/02\/Capture-decran-2021-02-18-a-15.24.29-187x300.png\" alt=\"\" width=\"187\" height=\"300\" srcset=\"https:\/\/blog.espe-bretagne.fr\/prodm1vannes\/wp-content\/uploads\/2021\/02\/Capture-decran-2021-02-18-a-15.24.29-187x300.png 187w, https:\/\/blog.espe-bretagne.fr\/prodm1vannes\/wp-content\/uploads\/2021\/02\/Capture-decran-2021-02-18-a-15.24.29.png 286w\" sizes=\"auto, (max-width: 187px) 100vw, 187px\" \/><br \/>\n<span style=\"font-weight: 400\">En effet, lorsque Forrest se met \u00e0 courir pendant trois ans, il ne le fait pas dans un objectif qui impliquerait une r\u00e9compense. Les journalistes veulent pourtant y voir une raison pr\u00e9cise qui conviendrait \u00e0 leurs lecteurs.<\/span><\/p>\n<p><span style=\"font-weight: 400\">Les \u00e9l\u00e8ves qui ont une motivation intrins\u00e8que participent au cours car ils ont envie d\u2019apprendre et pas parce qu\u2019ils y sont oblig\u00e9s par l\u2019enseignant ou les parents. Ils sont int\u00e9ress\u00e9s et ont une v\u00e9ritable curiosit\u00e9 vis-\u00e0-vis des apprentissages dispens\u00e9s.<\/span><\/p>\n<p><strong>Plusieurs mod\u00e8les ont \u00e9t\u00e9 \u00e9tablis afin d&rsquo;augmenter la motivation intrins\u00e8que des \u00e9l\u00e8ves. La pyramide de Maslow est l&rsquo;un d&rsquo;entre eux.<\/strong><\/p>\n<h1><b>La pyramide de Maslow : une th\u00e9orie support de la motivation\u00a0<\/b><\/h1>\n<p><span style=\"font-weight: 400\">La pyramide des besoins est une repr\u00e9sentation pyramidale de la hi\u00e9rarchie des besoins. C\u2019est une th\u00e9orie de la motivation d\u00e9velopp\u00e9e par Abraham Maslow dans les ann\u00e9es 1940.<\/span><\/p>\n<figure id=\"attachment_9815\" aria-describedby=\"caption-attachment-9815\" style=\"width: 613px\" class=\"wp-caption aligncenter\"><img loading=\"lazy\" decoding=\"async\" class=\"wp-image-9815 size-full\" src=\"http:\/\/blog.espe-bretagne.fr\/prodm1vannes\/wp-content\/uploads\/2021\/02\/Capture-decran-2021-05-12-a-12.33.05.png\" alt=\"\" width=\"613\" height=\"376\" srcset=\"https:\/\/blog.espe-bretagne.fr\/prodm1vannes\/wp-content\/uploads\/2021\/02\/Capture-decran-2021-05-12-a-12.33.05.png 613w, https:\/\/blog.espe-bretagne.fr\/prodm1vannes\/wp-content\/uploads\/2021\/02\/Capture-decran-2021-05-12-a-12.33.05-300x184.png 300w\" sizes=\"auto, (max-width: 613px) 100vw, 613px\" \/><figcaption id=\"caption-attachment-9815\" class=\"wp-caption-text\">Les 5 besoins de Maslow<\/figcaption><\/figure>\n<p><span style=\"font-weight: 400\">Comme le d\u00e9finit la pyramide, chaque besoin doit \u00eatre rempli avant de pr\u00e9tendre au suivant. Au bas de la pyramide <\/span><span style=\"font-weight: 400\">se trouvent <strong>les besoins physiologiques<\/strong> (manger, dormir, etc.) et l<strong>es besoins de s\u00e9curit\u00e9<\/strong> (confort, tranquillit\u00e9, etc.). On retrouve ensuite <strong>les besoins d\u2019appartenance<\/strong> (fraternit\u00e9, solidarit\u00e9 et convivialit\u00e9) et d\u2019estime (\u00eatre reconnu). Au sommet, se trouve <strong>le besoin de s\u2019accomplir<\/strong> (r\u00e9alisation de soi) qui engage le plus manifestement <a href=\"https:\/\/www.cairn.info\/la-motivation-scolaire--9782804156138-page-27.htm\">la motivation scolaire<\/a>. <strong>La motivation serait suscit\u00e9e par le d\u00e9sir de satisfaire ces diff\u00e9rents besoins.<\/strong><\/span><\/p>\n<p><em><span style=\"font-weight: 400\">L\u2019approche de cet article est volontairement structur\u00e9e en fonction des besoins des \u00e9l\u00e8ves, identifi\u00e9s en r\u00e9f\u00e9rence \u00e0 la pyramide de Maslow, puis aux leviers qu\u2019ont les enseignants pour r\u00e9pondre \u00e0 ces besoins.<\/span><\/em><\/p>\n<h2><strong>1. Besoins <\/strong><b>physiologiques<\/b><\/h2>\n<p><span style=\"font-weight: 400\">Les besoins physiologiques peuvent \u00eatre compris par les besoins \u201cde base\u201d, identiques \u00e0 tous : se nourrir, se reposer, se laver, etc.\u00a0<\/span><span style=\"font-weight: 400\">A priori, un enseignant n\u2019a pas la main sur ces leviers. Dans les faits, il existe des d\u00e9tails auxquels il peut faire attention, par exemple : l&rsquo;\u00e9l\u00e8ve est-il fatigu\u00e9 ? Porte-t-il les m\u00eames v\u00eatements plusieurs jours d&rsquo;affil\u00e9e ? Mange-t-il trop de sucreries pendant les r\u00e9cr\u00e9ations ?<\/span><\/p>\n<p><span style=\"font-weight: 400\">Selon la redondance et la gravit\u00e9 des d\u00e9tails relev\u00e9s, l\u2019enseignant a plusieurs actions possibles : e<\/span><span style=\"font-weight: 400\">nvisager avec les personnes ressources l\u2019action envers la famille et les partenaires ext\u00e9rieurs, p<\/span><span style=\"font-weight: 400\">enser \u00e0 la disposition de la classe, a<\/span><span style=\"font-weight: 400\">border quand c\u2019est possible la th\u00e9matique dans les disciplines enseign\u00e9es, \u00e9<\/span><span style=\"font-weight: 400\">duquer \u00e0 une bonne hygi\u00e8ne de vie, etc.<\/span><\/p>\n<p><span style=\"font-weight: 400\">Dans tous les cas, il doit communiquer avec la famille de l\u2019\u00e9l\u00e8ve, les enseignants, le directeur et \u00e9ventuellement de m\u00e9decin scolaire et l\u2019assistante sociale.<\/span><\/p>\n<h2><b>2. Besoin de s\u00e9curit\u00e9\u00a0<\/b><\/h2>\n<p><span style=\"font-weight: 400\">Oublis d\u2019affaires, recherche re\u0301currente de contact avec l\u2019adulte, isolement dans la classe, dans la cour, victimisation ou agressivite\u0301, discre\u0301tion excessive, absente\u0301isme, retard\u2026 Sont autant de manifestations qui font allusion \u00e0 la s\u00e9curit\u00e9 des \u00e9l\u00e8ves.<\/span><\/p>\n<p><span style=\"font-weight: 400\">Le besoin de s\u00e9curit\u00e9, c\u2019est le fait que tout individu doit se prot\u00e9ger des dangers : s\u00e9curit\u00e9 physique,\u00a0 sant\u00e9, etc. Il est autant question de la s\u00e9curit\u00e9 physique que morale.<\/span><\/p>\n<p><span style=\"font-weight: 400\">L\u2019enseignant doit \u00eatre attentif : l\u2019e\u0301le\u0300ve a-t-il re\u0301gulie\u0300rement son mate\u0301riel ? Quels rapports avec ses pairs en classe, en re\u0301cre\u0301ation ? Est-il souvent absent ? Etc. <\/span><span style=\"font-weight: 400\">Puis, l\u2019enseignant peut mettre en place des actions pour l\u2019aider \u00e0 se sentir mieux, par exemple : a<\/span><span style=\"font-weight: 400\">ider l\u2019e\u0301le\u0300ve a\u0300 s\u2019organiser (mate\u0301riel, devoirs, etc.), o<\/span><span style=\"font-weight: 400\">rganiser un tutorat entre e\u0301le\u0300ves, p<\/span><span style=\"font-weight: 400\">artager des moments de vie commune pour cre\u0301er une histoire commune, m<\/span><span style=\"font-weight: 400\">ener des actions de socialisation en de\u0301but d\u2019anne\u0301e et autant que de besoin, u<\/span><span style=\"font-weight: 400\">tiliser l\u2019heure de vie de classe, etc.<\/span><\/p>\n<p><span style=\"font-weight: 400\">L\u2019enseignant peut s\u2019entourer de personne comp\u00e9tentes : me\u0301decin scolaire Infirmie\u0300re, assistante sociale Parents, professeurs Encadrement, direction, Atsem, personnels pe\u0301riscolaire RASED, Conseillers pe\u0301dagogiques.<\/span><\/p>\n<h2><b>3. Besoin d\u2019appartenance<\/b><\/h2>\n<p><span style=\"font-weight: 400\">\u00catre \u00e9l\u00e8ve, c&rsquo;est n\u00e9cessairement appartenir \u00e0 un groupe social. Rappelez-vous de vos souvenirs d\u2019\u00e9cole, et de l\u2019importance que vous portiez \u00e0 l\u2019annonce des listes de classe le jour de la rentr\u00e9e. Cette importance n\u2019est pas anodine, puisqu&rsquo;en effet le besoin d\u2019appartenance a sa part d\u2019importance dans le bien-\u00eatre des \u00e9l\u00e8ves. Quelle d\u00e9ception cela a pu \u00eatre d\u2019\u00eatre s\u00e9par\u00e9 de son super copain avec lequel on \u00e9tait depuis le CP !\u00a0<\/span><\/p>\n<p><span style=\"font-weight: 400\">Heureusement, les enseignants ont la possibilit\u00e9 de cr\u00e9er un esprit de communion entre les \u00e9l\u00e8ves pour que chacun puisse prendre place dans le groupe classe. Les enseignants peuvent par exemple rapidement instaurer les travaux de groupe dans leur classe pour permettre aux enfants de s\u2019\u00e9couter les uns et les autres et aussi \u00e0 se faire entendre. En groupe, les \u00e9l\u00e8ves ont davantage envie de montrer en quoi ils sont n\u00e9cessaires au travail et ont aussi la possibilit\u00e9 de s\u2019appuyer sur les autres et donc de cr\u00e9er de la solidarit\u00e9 et de l\u2019entraide. Le besoin d\u2019appartenance peut aussi se faire sentir gr\u00e2ce \u00e0 son individualit\u00e9 par exemple. Lorsque les enseignants responsabilisent les enfants, ces derniers se sentent alors importants au sein de la classe. Le responsable de la distribution des cahiers du jour est indispensable \u00e0 la mise au travail, le responsable de la propret\u00e9 est indispensable au bon environnement de la classe, les chefs de rang sont indispensables au d\u00e9placement des \u00e9l\u00e8ves, etc. Il est donc\u00a0 primordial que les enseignants offrent aux \u00e9l\u00e8ves l\u2019occasion d\u2019avoir de l\u2019importance en tant qu\u2019\u00e9l\u00e8ve au sein d\u2019un groupe. Les enfants qui n\u2019\u00e9changent pas avec les autres ou les \u00e9l\u00e8ves qui prennent trop de place dans la classe n\u2019ont pas les m\u00eames besoins d\u2019appartenance ou ne les sollicite pas de la m\u00eame mani\u00e8re. Les interactions sociales et le comportement des \u00e9l\u00e8ves au sein de la classe doivent donc \u00eatre minutieusement observ\u00e9s pour r\u00e9ussir \u00e0 r\u00e9pondre aux besoins d\u2019appartenance des \u00e9l\u00e8ves.\u00a0<\/span><\/p>\n<h2><strong>4. Besoin d&rsquo;estime<\/strong><\/h2>\n<p><span style=\"font-weight: 400\">Le besoin d\u2019appartenance pousse donc \u00e0 se confronter \u00e0 d\u2019autres enfants. D\u2019autres enfants vous font parfois sentir au-dessus ou en dessous d\u2019eux. Ne vous souvenez-vous pas de Julie, la jolie camarade qui r\u00e9ussissait tout ?<\/span><\/p>\n<p><span style=\"font-weight: 400\">L\u2019enfant, tout comme l\u2019adulte, doit avoir une bonne estime de lui pour avancer favorablement dans la vie. Pour que les apprentissages soient optimaux et que la motivation reste constante, l\u2019\u00e9l\u00e8ve doit pouvoir s\u2019estimer convenablement. Bien s\u00fbr, l\u2019estime que l\u2019on se fait de nous-m\u00eame d\u00e9pend de <strong>l\u2019estime externe<\/strong> (ce qu\u2019on est par les autres, les opinions que les autres portent sur nous\u2026) mais aussi de <strong>l\u2019estime interne<\/strong>.<\/span><\/p>\n<h3><em><b>L\u2019estime interne<\/b><\/em><\/h3>\n<p><span style=\"font-weight: 400\">\u00c0 l\u2019\u00e9cole, l\u2019enfant est constamment entour\u00e9 d\u2019autres enfants appartenant au m\u00eame stade op\u00e9ratoire que lui. L\u2019enfant pourrait \u00eatre amen\u00e9 \u00e0 se comparer \u00e0 ses camarades (que ce soit dans les mati\u00e8res scolaires, dans les prouesses sportives mais aussi d\u2019un point de vue social ou \u00e9conomique) et entraver l\u2019estime qu\u2019il a de lui.<\/span><\/p>\n<p><span style=\"font-weight: 400\">Avoir une bonne estime de soi, c\u2019est avant tout croire en ses capacit\u00e9s de r\u00e9ussir, avoir confiance en soi et se respecter. L\u2019enfant mesure son estime en fonction de la conscience qu\u2019il a de sa valeur personnelle. Ainsi, l\u2019estime de l\u2019enfant sera juste lorsqu\u2019il aura une vision r\u00e9aliste de lui-m\u00eame et qu\u2019il comprendra qu\u2019il a de la valeur m\u00eame s\u2019il peut commettre des erreurs ou qu\u2019il est diff\u00e9rent de ses camarades. Le comportement de l\u2019enfant d\u00e9coule de sa perception de lui-m\u00eame.\u00a0\u00a0<\/span><\/p>\n<h3><em><b>L\u2019estime externe<\/b><\/em><\/h3>\n<p><span style=\"font-weight: 400\">Bien \u00e9videmment, l\u2019estime d\u2019un \u00e9l\u00e8ve peut \u00eatre modifi\u00e9e (positivement ou n\u00e9gativement) par ce qu\u2019il peut entendre ou voir autour de lui. C\u2019est pour cela que, nous enseignants, nous devons mettre en place des alternatives pour stimuler au mieux l\u2019estime de chaque \u00e9l\u00e8ve.<\/span><\/p>\n<h2><b>5. Besoin de s&rsquo;accomplir et de s&rsquo;\u00e9panouir\u00a0<\/b><\/h2>\n<p><span style=\"font-weight: 400\">Pour r\u00e9pondre \u00e0 ce besoin essentiel \u00e0 la motivation, il est primordial de donner l\u2019occasion aux \u00e9l\u00e8ves de r\u00e9aliser une t\u00e2che qu\u2019ils sont\u00a0 capables de r\u00e9aliser seuls. Pour cela, l\u2019enseignant doit prendre soin de varier les supports p\u00e9dagogiques. Certains \u00e9l\u00e8ves en fran\u00e7ais seront par exemple plus \u00e0 l\u2019\u00e9crit qu\u2019\u00e0 l\u2019oral.\u00a0<\/span><\/p>\n<p><span style=\"font-weight: 400\">Une multitude d&rsquo;occasions peuvent permettre aux \u00e9l\u00e8ves de s&rsquo;\u00e9panouir \u00e0 l\u2019\u00e9cole. Cela peut se faire en dehors de la classe dans les clubs sportifs et culturels de l\u2019\u00e9tablissement dans lesquels les \u00e9l\u00e8ves peuvent prendre des d\u00e9cisions ou agir en agissant de mani\u00e8re autonome. Au sein de la classe, l\u2019affichage des travaux permet\u00a0 la valorisation des \u00e9l\u00e8ves. Donner au maximum la parole aux \u00e9l\u00e8ves pour exprimer leurs r\u00f4les, leurs valeurs et leurs centres d&rsquo;int\u00e9r\u00eats est l\u2019occasion pour eux de manifester leur pl\u00e9nitude \u00e0 propos d\u2019un sujet.\u00a0 Les arts plastiques cultivent aussi la cr\u00e9ativit\u00e9 des \u00e9l\u00e8ves et permettent \u00e0 chacun de s&rsquo;accomplir par ses aptitudes personnelles.\u00a0<\/span><\/p>\n<p>En d\u00e9finitive, le but pour l&rsquo;enseignant est que les \u00e9l\u00e8ves\u00a0 soient comp\u00e9tents dans ce qu&rsquo;ils entreprennent \u00e0 l&rsquo;\u00e9cole.<\/p>\n<h1><strong>Les limites de la th\u00e9orie de Maslow<\/strong><\/h1>\n<p align=\"justify\">Bien que cet article soit fond\u00e9 sur la th\u00e9orie de la pyramide de Maslow on peut y apporter quelques limites. Les besoins de la pyramide de Maslow sont hi\u00e9rarchis\u00e9s. Toutefois cette hi\u00e9rarchie n\u2019est pas applicable \u00e0 tous. Il faudrait prendre en compte le mode de vie, la culture et le niveau social d\u2019un individu. On ne tient pas non plus compte des besoins d\u2019un individu en fonction de sa personnalit\u00e9. On peut aussi reprocher \u00e0 Maslow de ne pas avoir soutenu sa th\u00e9orie par des donn\u00e9es scientifiques et de ne l\u2019avoir fond\u00e9e que sur des hypoth\u00e8ses. Des recherches scientifiques r\u00e9centes en neurologie ont montr\u00e9 que les besoins d\u2019appartenance et de reconnaissance se trouvent plut\u00f4t \u00e0 tous les \u00e9tages de la pyramide. Il ne s\u2019agirait donc plus de gravir des niveaux mais il s\u2019agirait de n\u00e9cessit\u00e9s transversales.<\/p>\n<p><strong>Finalement, la pyramide de Maslow peut s\u2019appliquer \u00e0 tous les domaines &#8230; M\u00eame le marketing a repris cette th\u00e9orie ! <\/strong><strong>A l\u2019\u00e9cole, s\u2019appuyer sur les besoins d\u00e9taill\u00e9s par Abraham Maslow permet de d\u00e9velopper l\u2019autonomie et la motivation des \u00e9l\u00e8ves puis favorise le climat de classe.<\/strong><\/p>\n<p><img decoding=\"async\" class=\"aligncenter\" src=\"https:\/\/live.staticflickr.com\/8042\/8015943692_292dc81daf_z.jpg\" alt=\"Maslow et p\u00e9dagogie Via La pyramide des besoins de Maslow \u2026 | Flickr\" \/><\/p>\n<p><strong>La vid\u00e9o ci-apr\u00e8s r\u00e9sume le lien entre les besoins de la pyramide et le climat de classe et les actions ou leviers que l\u2019enseignant peut actionner.<\/strong><\/p>\n<div class=\"jetpack-video-wrapper\"><iframe loading=\"lazy\" title=\"Pyramide de Maslow et Climat de Classe\" width=\"640\" height=\"360\" src=\"https:\/\/www.youtube.com\/embed\/ObB16-MRfj4?feature=oembed\" frameborder=\"0\" allow=\"accelerometer; autoplay; clipboard-write; encrypted-media; gyroscope; picture-in-picture; web-share\" referrerpolicy=\"strict-origin-when-cross-origin\" allowfullscreen><\/iframe><\/div>\n<p><strong>Il existe bien \u00e9videmment d\u2019autres th\u00e9ories, par exemple : la th\u00e9orie du sentiment d\u2019efficacit\u00e9 personnel d\u00e9velopp\u00e9e par Bandura. L\u2019id\u00e9e g\u00e9n\u00e9rale ? L\u2019importance de la confiance en soi pour mener \u00e0 bien une activit\u00e9. <\/strong><strong>Cette th\u00e9orie est d\u00e9taill\u00e9e dans la vid\u00e9o ci-apr\u00e8s.<\/strong><\/p>\n<div class=\"jetpack-video-wrapper\"><iframe loading=\"lazy\" title=\"Le Sentiment d&#039;Efficacit\u00e9 Personnelle\" width=\"640\" height=\"360\" src=\"https:\/\/www.youtube.com\/embed\/xo3yD0ThU_Y?feature=oembed\" frameborder=\"0\" allow=\"accelerometer; autoplay; clipboard-write; encrypted-media; gyroscope; picture-in-picture; web-share\" referrerpolicy=\"strict-origin-when-cross-origin\" allowfullscreen><\/iframe><\/div>\n<p>&nbsp;<\/p>\n<p><em>Toutes les images utilis\u00e9es dans cet article sont des images libres de droit.<\/em><\/p>\n<blockquote>\n<p align=\"justify\">Sources utilis\u00e9es dans cet article :<\/p>\n<\/blockquote>\n<ul>\n<li>AHEHEHINNOU Patrice Cyrille, 2019, <em>Les diff\u00e9rents types de motivation selon la th\u00e9orie de l&rsquo;<\/em><i>autod\u00e9termination<\/i>, Centre de Transfert Pour la R\u00e9ussite au Quebec, http:\/\/rire.ctreq.qc.ca\/2019\/01\/les-differents-types-de-motivation-selon-la-theorie-de-lautodetermination\/<\/li>\n<li>Dossier th\u00e9matique \u00e9labor\u00e9 par le D\u00e9partement de la Recherche, du D\u00e9veloppement, de l\u2019Innovation et de l\u2019Exp\u00e9rimentation (DRDIE), Minist\u00e8re de l\u2019Education nationale, de l\u2019Enseignement sup\u00e9rieur et de la recherche, Direction g\u00e9n\u00e9rale de l\u2019enseignement scolaire (DGESCO), 2016, <em>La Pers\u00e9v\u00e9rance scolaire dans le premier degr\u00e9.\u00a0<\/em><\/li>\n<li>GOUDET Stephane, 2019,<em> La pyramide de Maslow pour les \u00e9l\u00e8ves : de quoi ont-ils besoin pour s&rsquo;\u00e9panouir?<\/em>, Acad\u00e9mie de Dijon. http:\/\/cpe.ac-dijon.fr\/spip.php?article1160<\/li>\n<li>MadameMarieEve, 2010, <em>La pyramide des besoins de Maslow d&rsquo;un point de vue p\u00e9dagogique<\/em>, Blog de MadameMarieEve, https:\/\/madamemarieeve.wordpress.com\/2010\/12\/12\/la-pyramide-des-besoins-de-maslow-vue-dun-point-de-vue-pedagogique\/<\/li>\n<li>PROT Brigitte, 2013, <em>R\u00e9veiller le d\u00e9sir d&rsquo;apprendre<\/em>, Techno sans fronti\u00e8res, N\u00b087<\/li>\n<li>RIEDER Christophe, 2015, <em>La pyramide des besoins de Maslow dans les apprentissages<\/em>, Better study Swiss Online Education, https:\/\/blog.betterstudy.ch\/pyramide-besoins-maslow-formation-professionnelle-education.<\/li>\n<li>VIAU Rolland, 2000,<em> Des conditions \u00e0 respecter pour susciter la motivation des \u00e9l\u00e8ves<\/em>, Correspondance, Volume 5 N\u00b03.<\/li>\n<\/ul>\n","protected":false},"excerpt":{"rendered":"<p>Qu\u2019est-ce que la motivation ? Peut-elle affecter le climat de classe ? Comment s\u2019explique-t-elle ? Et surtout, comment motiver les \u00e9l\u00e8ves ? Cet article tente de r\u00e9pondre \u00e0 ces questions en s\u2019appuyant sur la th\u00e9orie de la motivation (la pyramide de Maslow) d\u00e9velopp\u00e9e par Abraham Maslow. La motivation, qu&rsquo;est-ce que c&rsquo;est ?\u00a0 D\u2019apr\u00e8s le Larousse, [&hellip;]<\/p>\n","protected":false},"author":26,"featured_media":9828,"comment_status":"open","ping_status":"open","sticky":false,"template":"","format":"standard","meta":{"_jetpack_memberships_contains_paid_content":false,"footnotes":""},"categories":[67,331,517],"tags":[667,510,668,666,108,88,669,670],"coauthors":[63],"class_list":["post-7035","post","type-post","status-publish","format-standard","has-post-thumbnail","hentry","category-formation","category-inclusion","category-pedagogie","tag-besoins","tag-eleves","tag-enseignant","tag-maslow","tag-motivation","tag-pedagogie","tag-relation","tag-theorie"],"jetpack_featured_media_url":"https:\/\/blog.espe-bretagne.fr\/prodm1vannes\/wp-content\/uploads\/2021\/02\/motivation-1.jpg","jetpack_sharing_enabled":true,"_links":{"self":[{"href":"https:\/\/blog.espe-bretagne.fr\/prodm1vannes\/wp-json\/wp\/v2\/posts\/7035","targetHints":{"allow":["GET"]}}],"collection":[{"href":"https:\/\/blog.espe-bretagne.fr\/prodm1vannes\/wp-json\/wp\/v2\/posts"}],"about":[{"href":"https:\/\/blog.espe-bretagne.fr\/prodm1vannes\/wp-json\/wp\/v2\/types\/post"}],"author":[{"embeddable":true,"href":"https:\/\/blog.espe-bretagne.fr\/prodm1vannes\/wp-json\/wp\/v2\/users\/26"}],"replies":[{"embeddable":true,"href":"https:\/\/blog.espe-bretagne.fr\/prodm1vannes\/wp-json\/wp\/v2\/comments?post=7035"}],"version-history":[{"count":28,"href":"https:\/\/blog.espe-bretagne.fr\/prodm1vannes\/wp-json\/wp\/v2\/posts\/7035\/revisions"}],"predecessor-version":[{"id":9826,"href":"https:\/\/blog.espe-bretagne.fr\/prodm1vannes\/wp-json\/wp\/v2\/posts\/7035\/revisions\/9826"}],"wp:featuredmedia":[{"embeddable":true,"href":"https:\/\/blog.espe-bretagne.fr\/prodm1vannes\/wp-json\/wp\/v2\/media\/9828"}],"wp:attachment":[{"href":"https:\/\/blog.espe-bretagne.fr\/prodm1vannes\/wp-json\/wp\/v2\/media?parent=7035"}],"wp:term":[{"taxonomy":"category","embeddable":true,"href":"https:\/\/blog.espe-bretagne.fr\/prodm1vannes\/wp-json\/wp\/v2\/categories?post=7035"},{"taxonomy":"post_tag","embeddable":true,"href":"https:\/\/blog.espe-bretagne.fr\/prodm1vannes\/wp-json\/wp\/v2\/tags?post=7035"},{"taxonomy":"author","embeddable":true,"href":"https:\/\/blog.espe-bretagne.fr\/prodm1vannes\/wp-json\/wp\/v2\/coauthors?post=7035"}],"curies":[{"name":"wp","href":"https:\/\/api.w.org\/{rel}","templated":true}]}}