{"id":5251,"date":"2020-03-31T16:34:39","date_gmt":"2020-03-31T14:34:39","guid":{"rendered":"http:\/\/blog.espe-bretagne.fr\/prodm1vannes\/?p=5251"},"modified":"2020-04-16T13:16:48","modified_gmt":"2020-04-16T11:16:48","slug":"le-numerique-dans-la-relation-ecole-famille","status":"publish","type":"post","link":"https:\/\/blog.espe-bretagne.fr\/prodm1vannes\/le-numerique-dans-la-relation-ecole-famille\/","title":{"rendered":"Le num\u00e9rique dans la relation \u00e9cole-famille."},"content":{"rendered":"\n<div class=\"wp-block-cover has-background-dim\" style=\"background-image:url(http:\/\/blog.espe-bretagne.fr\/prodm1vannes\/wp-content\/uploads\/2020\/03\/90558050_590060821721174_5211416186281000960_n.png)\"><div class=\"wp-block-cover__inner-container is-layout-flow wp-block-cover-is-layout-flow\">\n<p class=\"has-text-align-center has-large-font-size\">Le num\u00e9rique dans la relation \u00e9cole-famille.<\/p>\n<\/div><\/div>\n\n\n\n<div style=\"height:32px\" aria-hidden=\"true\" class=\"wp-block-spacer\"><\/div>\n\n\n\n<p class=\"has-drop-cap\">En cette p\u00e9riode o\u00f9 la continuit\u00e9 p\u00e9dagogique est un enjeu majeur, l\u2019utilisation du num\u00e9rique prend tout son sens. En effet, les professeurs des \u00e9coles se retrouvent face \u00e0 une situation in\u00e9dite: devoir, par le biais du num\u00e9rique, continuer leur progression annuelle et maintenir un lien avec les \u00e9l\u00e8ves et leurs familles.&nbsp;<\/p>\n\n\n\n<p>Cet article va vous permettre de mieux comprendre les enjeux du num\u00e9rique dans la relation \u00e9cole-famille, au travers, notamment, de l\u2019utilisation d\u2019une application : Klassroom.<\/p>\n\n\n\n<div style=\"height:32px\" aria-hidden=\"true\" class=\"wp-block-spacer\"><\/div>\n\n\n\n<h3 class=\"has-text-align-center wp-block-heading\"><span style=\"color:#9b51e0\" class=\"color\">Pourquoi entretenir une relation entre l&rsquo;\u00e9cole et la famille ?<\/span><\/h3>\n\n\n\n<p class=\"has-text-align-center\"><img loading=\"lazy\" decoding=\"async\" src=\"https:\/\/lh4.googleusercontent.com\/c38uDwhFU8f9JMWNdeldka79ZlufhIczor6lCE49IhNFKIkZdvz3iK5mr9Jz0NqU0vtYoCFpgfb4aPxjvyI9T8xq4yqeZoix3Kt0j1PLME2lMffFHCdvgKlMMqMVH4vq-boTskfJ\" width=\"602\" height=\"635\"><\/p>\n\n\n\n<div style=\"height:39px\" aria-hidden=\"true\" class=\"wp-block-spacer\"><\/div>\n\n\n\n<p>Les enfants apprennent dans tous les moments de leur quotidien : \u00e0 l\u2019\u00e9cole, \u00e0 la maison, pendant leurs temps de loisirs\u2026 D\u2019ailleurs, l\u2019article L111-4 du Code de l&rsquo;\u00c9ducation place les parents d\u2019\u00e9l\u00e8ves comme membres de la communaut\u00e9 \u00e9ducative. Ils ont donc un r\u00f4le \u00e0 jouer au sein de l\u2019\u00e9cole. Ainsi, les parents ont un droit d&rsquo;information vis \u00e0 vis de celle-ci, un droit de r\u00e9union et enfin un droit de participation (pr\u00e9cis\u00e9s dans le Bulletin Officiel n\u00b031 du 25\/08\/2006). De plus, \u201ccoop\u00e9rer avec les familles\u201d est une comp\u00e9tence professionnelle inscrite dans le r\u00e9f\u00e9rentiel.<\/p>\n\n\n\n<div style=\"height:20px\" aria-hidden=\"true\" class=\"wp-block-spacer\"><\/div>\n\n\n\n<div class=\"wp-block-group\"><div class=\"wp-block-group__inner-container is-layout-flow wp-block-group-is-layout-flow\">\n<blockquote class=\"wp-block-quote has-text-align-left is-style-large is-layout-flow wp-block-quote-is-layout-flow\"><p><span style=\"color:#527dbe\" class=\"color\">\u00ab\u00a0Les professeurs et les personnels d&rsquo;\u00e9ducation, acteurs de la communaut\u00e9 \u00e9ducative doit coop\u00e9rer avec les parents.\u00a0\u00bb <\/span><\/p><\/blockquote>\n<\/div><\/div>\n\n\n\n<p class=\"has-small-font-size\"><em>Le r\u00e9f\u00e9rentiel de comp\u00e9tences des m\u00e9tiers du professorat et de l&rsquo;\u00e9ducation<\/em><\/p>\n\n\n\n<div style=\"height:20px\" aria-hidden=\"true\" class=\"wp-block-spacer\"><\/div>\n\n\n\n<p>Pour garantir un bon fonctionnement de l&rsquo;action \u00e9ducative, il est donc n\u00e9cessaire de renforcer le partenariat entre l&rsquo;institution scolaire et les parents d&rsquo;\u00e9l\u00e8ves. L\u2019entretien d\u2019un climat scolaire positif semble essentiel pour garantir une co\u00e9ducation et donc une continuit\u00e9 entre les apprentissages scolaires et ceux de la sph\u00e8re priv\u00e9e. Cette co\u00e9ducation n\u2019est alors possible que si une relation de confiance mutuelle est cr\u00e9\u00e9e entre l\u2019\u00e9quipe p\u00e9dagogique et les parents d\u2019\u00e9l\u00e8ves.<\/p>\n\n\n\n<div style=\"height:20px\" aria-hidden=\"true\" class=\"wp-block-spacer\"><\/div>\n\n\n\n<p>Les enjeux de la relation \u00e9cole-famille et de la coop\u00e9ration entre les acteurs de la vie scolaire et personnelle de l\u2019\u00e9l\u00e8ve sont alors consid\u00e9rables. La coop\u00e9ration n\u00e9cessite l\u2019\u00e9coute, l\u2019information, le respect mutuel, le dialogue. La co-\u00e9ducation passe \u00e0 la fois par une posture et des actions de l\u2019\u00e9cole et de l\u2019enseignant et par des dispositifs cibl\u00e9s. D\u00e8s l\u2019entr\u00e9e \u00e0 l\u2019\u00e9cole maternelle, l\u2019enseignant doit veiller \u00e0 impliquer les parents dans la scolarit\u00e9 de leur enfant. Cette implication doit \u00eatre favoris\u00e9e par des \u00e9changes, des rencontres, des informations, des explications et par la disponibilit\u00e9 de l\u2019enseignant. Cependant, des rencontres ne sont pas toujours possibles pour les parents, notamment en raison de leurs horaires de travail : le num\u00e9rique est alors une solution envisageable pour garder le lien avec toutes les familles.<br><\/p>\n\n\n\n<div style=\"height:20px\" aria-hidden=\"true\" class=\"wp-block-spacer\"><\/div>\n\n\n\n<p>Aujourd\u2019hui, le num\u00e9rique a une place tr\u00e8s importante dans la relation entre les familles et l\u2019\u00e9cole. Il permet de respecter le droit d\u2019information et le droit de participation des parents d\u2019\u00e9l\u00e8ves et instaure ainsi une dynamique dans le triangle parents, \u00e9l\u00e8ves, enseignant. L\u2019importance du num\u00e9rique a \u00e9t\u00e9 affirm\u00e9 par la loi de Refondation de l&rsquo;\u00c9cole de 2013, il est n\u00e9cessaire de \u00ab construire de nouvelles modalit\u00e9s de coop\u00e9ration avec les parents pour une \u00e9cole plus accueillante dans une perspective de co\u00e9ducation \u00bb.<\/p>\n\n\n\n<p><\/p>\n\n\n\n<p><span style=\"color:#527dbe\" class=\"color\"> \u00ab\u00a0La loi du 8 juillet 2013 pour la refondation de l\u2019\u00c9cole de la R\u00e9publique instaure un service public du num\u00e9rique \u00e9ducatif.&nbsp;<strong>Ce nouveau service public a pour mission d\u2019organiser une offre de productions p\u00e9dagogiques num\u00e9riques \u00e0 destination de l\u2019ensemble de la communaut\u00e9 \u00e9ducative.<\/strong> Elle a pour objectif de  favoriser l\u2019implication des parents dans la scolarit\u00e9 de leurs enfants.\u00a0\u00bb<\/span><\/p>\n\n\n\n<p class=\"has-small-font-size\"><em>Loi du 8 juillet 2013 pour la refondation de l&rsquo;Ecole de la R\u00e9publique<\/em>.<\/p>\n\n\n\n<hr class=\"wp-block-separator is-style-wide\" \/>\n\n\n\n<h4 class=\"has-text-align-center wp-block-heading\"><span style=\"color:#9b51e0\" class=\"color\">Quelle place donner au num\u00e9rique dans la relation \u00e9cole-famille ? <\/span><\/h4>\n\n\n\n<div class=\"wp-block-image\"><figure class=\"aligncenter size-large\"><img loading=\"lazy\" decoding=\"async\" width=\"488\" height=\"960\" src=\"http:\/\/blog.espe-bretagne.fr\/prodm1vannes\/wp-content\/uploads\/2020\/04\/60769323_326035548077952_8348911232190775296_n.jpg\" alt=\"\" class=\"wp-image-5542\" srcset=\"https:\/\/blog.espe-bretagne.fr\/prodm1vannes\/wp-content\/uploads\/2020\/04\/60769323_326035548077952_8348911232190775296_n.jpg 488w, https:\/\/blog.espe-bretagne.fr\/prodm1vannes\/wp-content\/uploads\/2020\/04\/60769323_326035548077952_8348911232190775296_n-153x300.jpg 153w\" sizes=\"auto, (max-width: 488px) 100vw, 488px\" \/><figcaption>devenirenseignant.gouv.fr<\/figcaption><\/figure><\/div>\n\n\n\n<div style=\"height:20px\" aria-hidden=\"true\" class=\"wp-block-spacer\"><\/div>\n\n\n\n<p>Il est important d\u2019utiliser l\u2019espace num\u00e9rique d\u2019\u00e9change adapt\u00e9, de s\u2019assurer de sa bonne ma\u00eetrise et de d\u00e9finir, avec les parents d\u2019\u00e9l\u00e8ves, des modalit\u00e9s de coop\u00e9ration afin de favoriser l\u2019interaction entre l\u2019\u00e9cole et les familles.&nbsp;<br><\/p>\n\n\n\n<div style=\"height:20px\" aria-hidden=\"true\" class=\"wp-block-spacer\"><\/div>\n\n\n\n<p>Gr\u00e2ce au num\u00e9rique, les parents d\u2019\u00e9l\u00e8ves peuvent suivre les enseignements r\u00e9alis\u00e9s en classe par leurs enfants et \u00e9galement communiquer avec l\u2019enseignant(e) sans avoir de contact physique avec. Cela permet aux parents qui n\u2019ont pas la possibilit\u00e9 de rencontrer le professeur r\u00e9guli\u00e8rement de se tenir inform\u00e9s.&nbsp;<\/p>\n\n\n\n<div style=\"height:20px\" aria-hidden=\"true\" class=\"wp-block-spacer\"><\/div>\n\n\n\n<p>Aujourd\u2019hui, dans un contexte de pand\u00e9mie o\u00f9 toutes les \u00e9coles du territoire sont ferm\u00e9es, le num\u00e9rique a permis de faciliter la continuit\u00e9 p\u00e9dagogique. Les professeurs des \u00e9coles peuvent continuer \u00e0 enseigner et \u00e0 garder un lien avec leurs \u00e9l\u00e8ves et les familles. Cette continuit\u00e9 p\u00e9dagogique peut se faire par mail, via un ENT, ou une application. L\u2019utilisation du num\u00e9rique peut poser des limites, notamment dans les familles n\u2019ayant pas acc\u00e8s \u00e0 internet. Des solutions sont mises en places pour ne pas d\u00e9favoriser ces familles, par exemple, il est possible d\u2019imprimer ce qui est publi\u00e9, utiliser un autre moyen de communication avec les parents, l\u2019important est de ne laisser aucune famille de c\u00f4t\u00e9. <br><\/p>\n\n\n\n<div style=\"height:20px\" aria-hidden=\"true\" class=\"wp-block-spacer\"><\/div>\n\n\n\n<hr class=\"wp-block-separator is-style-wide\" \/>\n\n\n\n<h4 class=\"has-text-align-center wp-block-heading\"><span style=\"color:#9b51e0\" class=\"color\">Et si on utilisait Klassroom ? <\/span><\/h4>\n\n\n\n<div class=\"wp-block-image\"><figure class=\"aligncenter size-large is-resized\"><img loading=\"lazy\" decoding=\"async\" src=\"http:\/\/blog.espe-bretagne.fr\/prodm1vannes\/wp-content\/uploads\/2020\/03\/2.png\" alt=\"\" class=\"wp-image-5432\" width=\"153\" height=\"154\" srcset=\"https:\/\/blog.espe-bretagne.fr\/prodm1vannes\/wp-content\/uploads\/2020\/03\/2.png 265w, https:\/\/blog.espe-bretagne.fr\/prodm1vannes\/wp-content\/uploads\/2020\/03\/2-150x150.png 150w\" sizes=\"auto, (max-width: 153px) 100vw, 153px\" \/><\/figure><\/div>\n\n\n\n<p>Klassroom est un outil num\u00e9rique, accessible par une application ou directement sur le site web, qui permet de cr\u00e9er et renforcer le lien entre l\u2019\u00e9cole et les familles. Ce dispositif est \u00e0 l\u2019initiative de deux amis d\u2019enfance qui avaient l\u2019envie d\u2019\u00eatre plus \u201cconnect\u00e9s\u201d \u00e0 la classe de leurs enfants. Ce site est aujourd\u2019hui utilis\u00e9 par des milliers de classes francophones, anglophones et hispanophones dans 80 pays diff\u00e9rents. Klassroom propose deux offres : une basique et une premium.<\/p>\n\n\n\n<p>&nbsp;<\/p>\n\n\n\n<p class=\"has-text-align-center has-medium-font-size\"><span style=\"color:#7bdcb5\" class=\"color\">Clique sur ce bouton pour acc\u00e9der au site internet de Klassroom !<\/span><\/p>\n\n\n\n<div class=\"wp-block-image is-style-circle-mask\"><figure class=\"aligncenter size-large is-resized\"><img loading=\"lazy\" decoding=\"async\" src=\"http:\/\/blog.espe-bretagne.fr\/prodm1vannes\/wp-content\/uploads\/2020\/03\/arrow-icon-vector-illustration-2.jpg\" alt=\"\" class=\"wp-image-5453\" width=\"58\" height=\"58\" srcset=\"https:\/\/blog.espe-bretagne.fr\/prodm1vannes\/wp-content\/uploads\/2020\/03\/arrow-icon-vector-illustration-2.jpg 490w, https:\/\/blog.espe-bretagne.fr\/prodm1vannes\/wp-content\/uploads\/2020\/03\/arrow-icon-vector-illustration-2-300x300.jpg 300w, https:\/\/blog.espe-bretagne.fr\/prodm1vannes\/wp-content\/uploads\/2020\/03\/arrow-icon-vector-illustration-2-150x150.jpg 150w\" sizes=\"auto, (max-width: 58px) 100vw, 58px\" \/><\/figure><\/div>\n\n\n\n<div class=\"wp-block-button aligncenter\"><a class=\"wp-block-button__link\" href=\"https:\/\/klassroom.fr\/\" style=\"border-radius:3px\">Klassroom<\/a><\/div>\n\n\n\n<div style=\"height:20px\" aria-hidden=\"true\" class=\"wp-block-spacer\"><\/div>\n\n\n\n<p><\/p>\n\n\n\n<p>Du c\u00f4t\u00e9 de l\u2019enseignant, cette application permet de renforcer le lien avec les parents. Puisque en effet, il lui est possible de publier des photos, des vid\u00e9os ou encore des documents sur le fil d\u2019actualit\u00e9 visible par les parents. L\u2019enseignant peut \u00e9galement communiquer directement avec chaque parent, g\u00e9rer les demandes de rendez-vous et enfin faire l\u2019appel de la classe.&nbsp;<br><\/p>\n\n\n\n<div style=\"height:20px\" aria-hidden=\"true\" class=\"wp-block-spacer\"><\/div>\n\n\n\n<p>Du c\u00f4t\u00e9 des parents, il est parfois difficile de discuter avec l\u2019enseignant ou m\u00eame de se rendre dans la classe de son enfant. Ainsi, cette application permet d\u2019\u00e9tablir ce lien au travers d\u2019une communication fluide et directe. Les parents peuvent prendre des rendez-vous directement sur l\u2019application mais \u00e9galement \u00e9changer avec l\u2019enseignant et les autres parents. Ce dispositif propose un outil d\u2019\u00e9dition qui permet d\u2019imprimer les meilleurs moments de l\u2019ann\u00e9e dans un livre photo. Gr\u00e2ce \u00e0 cet outil, les enfants peuvent exposer leurs productions et \u00e9changer avec leurs parents.<br><\/p>\n\n\n\n<div style=\"height:26px\" aria-hidden=\"true\" class=\"wp-block-spacer\"><\/div>\n\n\n\n<p>Cependant Klassroom n\u2019est pas accept\u00e9 par l\u2019ensemble des acad\u00e9mies. En effet, avant mai 2018 le site n\u2019\u00e9tait pas conforme \u00e0 la r\u00e9glementation europ\u00e9enne de protection des donn\u00e9es : le RGPD. Ce sont les recteurs d\u2019acad\u00e9mie qui autorisent officiellement l\u2019utilisation de cette application. Nous pouvons remarquer que depuis la mise aux normes europ\u00e9ennes du site, son utilisation a consid\u00e9rablement augment\u00e9. Le site compte aujourd\u2019hui 400 000 utilisateurs.&nbsp;<br><\/p>\n\n\n\n<div class=\"wp-block-image\"><figure class=\"aligncenter size-large\"><img loading=\"lazy\" decoding=\"async\" width=\"194\" height=\"195\" src=\"http:\/\/blog.espe-bretagne.fr\/prodm1vannes\/wp-content\/uploads\/2020\/03\/1.png\" alt=\"\" class=\"wp-image-5433\" srcset=\"https:\/\/blog.espe-bretagne.fr\/prodm1vannes\/wp-content\/uploads\/2020\/03\/1.png 194w, https:\/\/blog.espe-bretagne.fr\/prodm1vannes\/wp-content\/uploads\/2020\/03\/1-150x150.png 150w\" sizes=\"auto, (max-width: 194px) 100vw, 194px\" \/><\/figure><\/div>\n\n\n\n<div class=\"wp-block-media-text alignwide\" style=\"grid-template-columns:49% auto\"><figure class=\"wp-block-media-text__media\"><video controls src=\"http:\/\/blog.espe-bretagne.fr\/prodm1vannes\/wp-content\/uploads\/2020\/03\/received_253413119044363.mp4\"><\/video><\/figure><div class=\"wp-block-media-text__content\">\n<p class=\"has-text-align-center has-medium-font-size\"><span style=\"color:#f78da7\" class=\"color\">Voici une petite simulation pour que vous puissiez visualiser l&rsquo;application.<\/span><\/p>\n<\/div><\/div>\n\n\n\n<div style=\"height:20px\" aria-hidden=\"true\" class=\"wp-block-spacer\"><\/div>\n\n\n\n<hr class=\"wp-block-separator\" \/>\n\n\n\n<p>L\u2019enseignant, avant d\u2019utiliser cette application, doit s\u2019assurer aupr\u00e8s des parents qu\u2019ils aient un outil num\u00e9rique n\u00e9cessaire (dans le cas contraire, l\u2019enseignant peut s\u2019adapter en imprimant les photos des r\u00e9ussites de l\u2019enfant par exemple, o\u00f9 en utilisant le cahier de liaison pour communiquer avec les parents).&nbsp;<\/p>\n\n\n\n<p>N\u00e9anmoins il faut \u00eatre vigilant, en effet, Klassroom assure \u00eatre aux normes RGPD, cependant, il n\u2019existe, \u00e0 ce jour, pas d\u2019organisme de certification RGPD. C\u2019est pourquoi nous vous pr\u00e9sentons, quelques alternatives&#8230;Il existe de nombreuses alternatives \u00e0 Klassroom : scolablog, toutemonann\u00e9e, toutatice\u2026 Tous ces outils sont destin\u00e9s \u00e0 des usages scolaires.<\/p>\n\n\n\n<p>\u2022 \u201cScolablog\u201d contient une version de base gratuite et une version payante. Cet outil permet de raconter la vie de classe, de communiquer avec les familles et m\u00eame de d\u00e9velopper des outils de soutien scolaire \u00e0 la maison. Les \u00e9l\u00e8ves peuvent \u00e9galement publier sur le blog apr\u00e8s validation de l\u2019enseignant.<\/p>\n\n\n\n<p>\u2022 \u201cToutemonann\u00e9e\u201d est une plateforme enti\u00e8rement gratuite utilis\u00e9e par plus de 40 000 classe en France. Ce projet est d\u2019ailleurs soutenu par la r\u00e9gion Bretagne. La plateforme contient une multitude de fonctionnalit\u00e9s dont le journal de classe, le cahier de texte et de liaison, le calendrier, la m\u00e9diath\u00e8que dans laquelle les enseignants peuvent mettre \u00e0 disposition des \u00e9l\u00e8ve toute sorte de fichiers.<\/p>\n\n\n\n<p>\u2022 Le projet \u201cToutatice\u201d est port\u00e9 par l&rsquo;Acad\u00e9mie de Rennes et la R\u00e9gion Bretagne, en partenariat avec la DRAAF (Direction R\u00e9gionale de l&rsquo;Alimentation, de l&rsquo;Agriculture et de la For\u00eat), la DIRM (Direction Inter-R\u00e9gionale de la Mer) et l\u2019Enseignement catholique, et ayant b\u00e9n\u00e9fici\u00e9 de financements europ\u00e9ens. L\u2019ENT propose des contenus num\u00e9riques (actualit\u00e9s, applications m\u00e9tiers, ressources num\u00e9riques, espace de travail Nux\u00e9o, webmail\u2026) adapt\u00e9s au profil de chaque utilisateur. L\u2019enseignant, l\u2019\u00e9l\u00e8ve ou le personnel administratif peut ainsi s&rsquo;informer, produire des contenus, consulter des ressources, organiser son travail, communiquer, travailler seul ou en groupe. Les parents peuvent suivre la scolarit\u00e9 de leur enfant.<\/p>\n\n\n\n<hr class=\"wp-block-separator\" \/>\n\n\n\n<p>Pour conclure, la relation \u00e9cole-famille fait partie int\u00e9grante de notre syst\u00e8me scolaire. Le d\u00e9veloppement du num\u00e9rique a permis de la faciliter, cependant cette nouvelle forme de relation ne doit pas se substituer aux diff\u00e9rentes rencontres du professeur avec les parents (r\u00e9unions d\u2019informations, r\u00e9unions tripartites etc\u2026). Il faut \u00e9galement s\u2019assurer du moyen de communication utilis\u00e9 et de sa correspondance aux normes en vigueur.&nbsp;<\/p>\n\n\n\n<div style=\"height:20px\" aria-hidden=\"true\" class=\"wp-block-spacer\"><\/div>\n\n\n\n<p class=\"has-text-align-center\"><span style=\"color:#9b51e0\" class=\"color\">Si vous avez des questions, n&rsquo;h\u00e9sitez pas \u00e0 nous laisser un commentaire !  <\/span><\/p>\n\n\n\n<p class=\"has-text-align-center has-small-font-size\"><em><span style=\"color:#9b51e0\" class=\"color\">Anna Corfdir, Ana\u00efs Lallaizon, Carole Le Bagousse et Leslie Nicolas. <\/span><\/em><\/p>\n","protected":false},"excerpt":{"rendered":"<p>En cette p\u00e9riode o\u00f9 la continuit\u00e9 p\u00e9dagogique est un enjeu majeur, l\u2019utilisation du num\u00e9rique prend tout son sens. En effet, les professeurs des \u00e9coles se retrouvent face \u00e0 une situation in\u00e9dite: devoir, par le biais du num\u00e9rique, continuer leur progression annuelle et maintenir un lien avec les \u00e9l\u00e8ves et leurs familles.&nbsp; Cet article va vous [&hellip;]<\/p>\n","protected":false},"author":26,"featured_media":5365,"comment_status":"open","ping_status":"open","sticky":false,"template":"","format":"standard","meta":{"_jetpack_memberships_contains_paid_content":false,"footnotes":""},"categories":[21],"tags":[],"coauthors":[286,321,285,63],"class_list":["post-5251","post","type-post","status-publish","format-standard","has-post-thumbnail","hentry","category-pratiques-numeriques"],"jetpack_featured_media_url":"https:\/\/blog.espe-bretagne.fr\/prodm1vannes\/wp-content\/uploads\/2020\/03\/90558050_590060821721174_5211416186281000960_n.png","jetpack_sharing_enabled":true,"_links":{"self":[{"href":"https:\/\/blog.espe-bretagne.fr\/prodm1vannes\/wp-json\/wp\/v2\/posts\/5251","targetHints":{"allow":["GET"]}}],"collection":[{"href":"https:\/\/blog.espe-bretagne.fr\/prodm1vannes\/wp-json\/wp\/v2\/posts"}],"about":[{"href":"https:\/\/blog.espe-bretagne.fr\/prodm1vannes\/wp-json\/wp\/v2\/types\/post"}],"author":[{"embeddable":true,"href":"https:\/\/blog.espe-bretagne.fr\/prodm1vannes\/wp-json\/wp\/v2\/users\/26"}],"replies":[{"embeddable":true,"href":"https:\/\/blog.espe-bretagne.fr\/prodm1vannes\/wp-json\/wp\/v2\/comments?post=5251"}],"version-history":[{"count":47,"href":"https:\/\/blog.espe-bretagne.fr\/prodm1vannes\/wp-json\/wp\/v2\/posts\/5251\/revisions"}],"predecessor-version":[{"id":5993,"href":"https:\/\/blog.espe-bretagne.fr\/prodm1vannes\/wp-json\/wp\/v2\/posts\/5251\/revisions\/5993"}],"wp:featuredmedia":[{"embeddable":true,"href":"https:\/\/blog.espe-bretagne.fr\/prodm1vannes\/wp-json\/wp\/v2\/media\/5365"}],"wp:attachment":[{"href":"https:\/\/blog.espe-bretagne.fr\/prodm1vannes\/wp-json\/wp\/v2\/media?parent=5251"}],"wp:term":[{"taxonomy":"category","embeddable":true,"href":"https:\/\/blog.espe-bretagne.fr\/prodm1vannes\/wp-json\/wp\/v2\/categories?post=5251"},{"taxonomy":"post_tag","embeddable":true,"href":"https:\/\/blog.espe-bretagne.fr\/prodm1vannes\/wp-json\/wp\/v2\/tags?post=5251"},{"taxonomy":"author","embeddable":true,"href":"https:\/\/blog.espe-bretagne.fr\/prodm1vannes\/wp-json\/wp\/v2\/coauthors?post=5251"}],"curies":[{"name":"wp","href":"https:\/\/api.w.org\/{rel}","templated":true}]}}