{"id":4414,"date":"2019-03-19T16:43:50","date_gmt":"2019-03-19T15:43:50","guid":{"rendered":"http:\/\/blog.espe-bretagne.fr\/prodm1vannes\/?p=4414"},"modified":"2020-04-07T16:07:44","modified_gmt":"2020-04-07T14:07:44","slug":"le-decrochage-de-x","status":"publish","type":"post","link":"https:\/\/blog.espe-bretagne.fr\/prodm1vannes\/le-decrochage-de-x\/","title":{"rendered":"Le d\u00e9crochage scolaire"},"content":{"rendered":"\r\n<p><span style=\"color: #000000\">Dans la pens\u00e9e collective, les \u00e9l\u00e8ves en d\u00e9crochage scolaire sont souvent consid\u00e9r\u00e9s comme des jeunes sans motivation qui rejettent l&rsquo;\u00e9cole. Mais pour la plupart d&rsquo;entre eux, ce d\u00e9crochage engendre des cons\u00e9quences dans leur vie et pour leur avenir. Malgr\u00e9 la baisse observ\u00e9e,\u00a0 on constate d<\/span><span style=\"color: #000000;font-weight: inherit\">epuis quelques ann\u00e9es, <\/span><span style=\"color: #000000;font-weight: inherit\">un nombre important d&rsquo;\u00e9l\u00e8ves d\u00e9crocheurs.<\/span><\/p>\r\n<p><img loading=\"lazy\" decoding=\"async\" class=\"aligncenter\" src=\"https:\/\/images.ecosia.org\/-Jln2oDn8SE29OCa-TJYJgV9Kpg=\/0x390\/smart\/http%3A%2F%2Fimg.aws.la-croix.com%2F2015%2F12%2F08%2F1390376%2Ffotolia-58066888-subscription_1_730_400.jpg\" alt=\"Comment pr\u00c3\u00a9venir le d\u00c3\u00a9crochage scolaire ? - La Croix\" width=\"528\" height=\"352\" \/><\/p>\r\n\r\n\r\n\r\n<h4 style=\"text-align: center\"><strong><span style=\"color: #ff6600\">Le d\u00e9crochage scolaire, c&rsquo;est quoi ?\u00a0<\/span><\/strong><\/h4>\r\n<p><span style=\"color: #000000\">On appelle \u00ab\u00a0d\u00e9crocheurs\u00a0\u00bb des \u00e9l\u00e8ves ayant quitt\u00e9s leur parcours scolaire, volontairement ou non, sans avoir obtenu\u00a0 dipl\u00f4me.<\/span><\/p>\r\n<p><span style=\"color: #000000\"><span style=\"text-decoration: underline\">Qu&rsquo;est-qui fait que des \u00e9l\u00e8ves perdent leur envie d&rsquo;apprendre?<\/span> Il ne s&rsquo;agit pas d&rsquo;une seule raison en jeu, les causes sont nombreuses et vari\u00e9es, et aucun d\u00e9crocheurs n&rsquo;a le m\u00eame profil. <\/span><\/p>\r\n<p><span style=\"color: #000000\">Si le d\u00e9crochage scolaire se fait progressivement par un absent\u00e9isme devenant de plus en plus fr\u00e9quent, il ne faut pas confondre les deux. En effet, l&rsquo;absent\u00e9isme n&rsquo;est pas, \u00e0 proprement parl\u00e9, la cause m\u00eame du d\u00e9crochage. Les principales raisons qui poussent les \u00e9l\u00e8ves \u00e0 quitter le syst\u00e8me scolaire sans d\u00e9crocher de dipl\u00f4me sont \u00e0 la fois des raisons externes et internes \u00e0 l&rsquo;\u00e9cole.\u00a0<\/span><\/p>\r\n<p style=\"padding-left: 40px\"><span style=\"color: #008000\">\u21d2 FACTEURS <span style=\"text-decoration: underline\">INTERNES<\/span> \u00c0 L\u2019\u00c9COLE : <span style=\"color: #000000\">Une orientation subie et non choisie; absence d&rsquo;aide en cas de difficult\u00e9s; climat scolaire difficile; exclusions trop fr\u00e9quentes; <\/span><\/span><span style=\"color: #000000;font-weight: inherit\">d\u00e9sint\u00e9r\u00eat et ennui vis-\u00e0-vis des contenus (programmes) propos\u00e9s&#8230;<\/span><\/p>\r\n<p style=\"padding-left: 40px\"><span style=\"color: #008000\">\u21d2 FACTEURS <span style=\"text-decoration: underline\">EXTERNES<\/span> \u00c0 L\u2019\u00c9COLE : <span style=\"color: #000000\">Situation familiale difficile; \u00e9cole consid\u00e9r\u00e9e comme peu importante dans le milieu familial; d\u00e9crochage cognitif; d\u00e9valorisation du dipl\u00f4me per\u00e7u comme inutile \u00e0 trouver un emploi; phobie scolaire; handicap, sant\u00e9 fragile ou troubles comportementaux&#8230;<\/span><\/span><\/p>\r\n<h4 style=\"text-align: center\"><span style=\"color: #ff6600\"><strong>Et les cons\u00e9quences ? <\/strong><\/span><\/h4>\r\n<p>Forc\u00e9ment, d\u00e9crocher du syst\u00e8me scolaire a des cons\u00e9quences importantes sur les jeunes. Aujourd&rsquo;hui, <span style=\"font-weight: inherit\">bien que ce ne soit pas une n\u00e9cessit\u00e9 absolue, <\/span><span style=\"font-weight: inherit\">la plupart des employeurs exigent de leurs travailleurs<\/span><span style=\"font-weight: inherit\">\u00a0<\/span><span style=\"font-weight: inherit\">un dipl\u00f4me<\/span><span style=\"font-weight: inherit\"> (par exemple : minimum baccalaur\u00e9at). Les d\u00e9crocheurs peuvent donc \u00eatre bloqu\u00e9s \u00e0 ce niveau-l\u00e0 et vite se d\u00e9courager dans le monde du travail. On retrouve aussi chez un grand nombre de d\u00e9crocheurs des cons\u00e9quences psychologiques : perte de motivation, manque d&rsquo;estime de soi et de confiance en soi mais aussi une qualit\u00e9 de vie en baisse.\u00a0<\/span><\/p>\r\n<p><span style=\"font-weight: 400\"><strong>Selon des donn\u00e9es de l&rsquo;INSEE , les jeunes sans dipl\u00f4me se trouvent plus souvent au ch\u00f4mage, notamment de longue dur\u00e9e, occupent plus souvent des emplois pr\u00e9caires et pr\u00e9sentent un \u00e9tat de sant\u00e9 d\u00e9grad\u00e9<\/strong> (En 2018, <\/span><span style=\"font-weight: inherit\">5 % de ch\u00f4meurs sont d\u00e9tenteurs d&rsquo;un dipl\u00f4me sup\u00e9rieur \u00e0 bac + 2, contre 16,2 % chez les non-dipl\u00f4m\u00e9s.)<\/span><\/p>\r\n<p><span style=\"font-weight: 400\"><em>Attention, le d\u00e9crochage n&rsquo;est pas un ph\u00e9nom\u00e8ne homog\u00e8ne et uniforme! Il faut prendre en compte que chaque parcours est diff\u00e9rent.<\/em> <\/span>\u00a0<\/p>\r\n<h4 style=\"text-align: center\"><span style=\"color: #ff6600\"><span style=\"color: #ff6600\">Quelles sont les rem\u00e9diations possible\u00a0 ?\u00a0<\/span><\/span><\/h4>\r\n<p>La rem\u00e9diation, \u00e7a commence tout d&rsquo;abord par <strong><span style=\"color: #008000\"><span style=\"text-decoration: underline\">la pr\u00e9vention<\/span>!<\/span>\u00a0<\/strong><\/p>\r\n<p><span style=\"font-weight: 400\">Le d\u00e9crochage n\u2019est pas une fatalit\u00e9. D\u00e8s 2013, la loi pour la refondation de l\u2019\u00c9cole de la R\u00e9publique a mis l\u2019accent sur la lutte contre le d\u00e9crocha<\/span><span style=\"font-weight: 400\">ge scolaire. Le<\/span>\u00a0plan d\u2019actions<b> \u00ab\u00a0<em>Tous mobilis\u00e9s pour vaincre le d\u00e9crochage \u00ab\u00a0<\/em><\/b><span style=\"font-weight: 400\">\u00a0(21 novembre 2014)\u00a0 obtient des r\u00e9sultats gr\u00e2ce \u00e0 la mobilisation de toute la communaut\u00e9 \u00e9ducative, des chercheurs, des autres minist\u00e8res, des collectivit\u00e9s, des associations, etc.\u2003<\/span><\/p>\r\n<p><span style=\"font-weight: 400\"><span style=\"font-weight: inherit\">La<\/span><span style=\"font-weight: inherit\">\u00a0<\/span><span style=\"font-weight: inherit\">Semaine Nationale de la Pers\u00e9v\u00e9rance Scolaire,\u00a0<\/span><span style=\"font-weight: inherit\">qui fait partie de ce plan d&rsquo;action, permet \u00e0 toutes les acad\u00e9mies fran\u00e7aises de sensibiliser et mobiliser les acteurs \u00e9ducatifs et les partenaires \u00e0 la pr\u00e9vention contre le d\u00e9crochage scolaire.<\/span><\/span><\/p>\r\n<p><span style=\"font-weight: 400\">Des dispositifs (plans d&rsquo;actions individualis\u00e9s ou collectifs, programmes personnalis\u00e9s, aides&#8230;) sont adopt\u00e9s par des organismes et des associations pour lutter contre le d\u00e9crochage scolaire. Par exemple dans les \u00e9tablissements des PPRE<span style=\"color: #000080\"><strong>*<\/strong><\/span> sont r\u00e9guli\u00e8rement mis en place pour les \u00e9l\u00e8ves qui rencontrent des difficult\u00e9s et n&rsquo;arrivent pas \u00e0 acqu\u00e9rir le niveau suffisant du socle commun de connaissances et de comp\u00e9tences.\u00a0<\/span><\/p>\r\n<p>Une plateforme <strong>\u00ab\u00a0<\/strong> <strong><em>Reviens te former \u00ab\u00a0<\/em><\/strong><span style=\"font-weight: inherit\"> est mise en place et permet aux jeunes, entre 16 et 25 ans, sortis du syst\u00e8me scolaire, dipl\u00f4m\u00e9s ou non, de reprendre une formation suivie par des conseillers.\u00a0<\/span><\/p>\r\n<p><span style=\"color: #333333\">La MLDS<strong><span style=\"color: #000080\">**<\/span> <\/strong>et le GPDS<strong><span style=\"color: #000080\">***<\/span> <\/strong>sont deux dispositifs mis en place dans les lyc\u00e9es qui permettent aux jeunes de plus de 16 ans, d\u00e9j\u00e0 d\u00e9scolaris\u00e9s ou en voie de d\u00e9scolarisation, de se remobiliser dans une dynamique de formation par un accompagnement individualis\u00e9.\u00a0 La MLDS fait partie du r\u00e9seau FoQUalE.\u00a0<\/span><\/p>\r\n<p>FoQual<span style=\"color: #333333\">E<span style=\"color: #000080\"><strong>****<\/strong><\/span> <span style=\"color: #000000\"><span style=\"color: #339966\"><span style=\"color: #000000\">: <span style=\"color: #333333\">Ce r\u00e9seau mis en place par l&rsquo;\u00e9ducation nationale permet de mettre en \u0153uvre le droit au retour en formation initiale et le droit au maintien dans l&rsquo;\u00e9tablissement d&rsquo;origine du d\u00e9crocheur. Elle met ainsi en place plusieurs actions visant \u00e0 la pr\u00e9vention et \u00e0 la rem\u00e9diations (Pr\u00e9paration du retour en classe, parcours personnalis\u00e9s, formations : service civique, stages&#8230;, ou encore accueil dans des structures adapt\u00e9es).<\/span><\/span><\/span><\/span><\/span><\/p>\r\n<p>&nbsp;<\/p>\r\n<hr \/>\r\n<h4><span style=\"color: #000080\">* <\/span><span style=\"font-weight: inherit\">PPRE<\/span><span style=\"font-weight: inherit\">\u00a0<\/span><em style=\"font-weight: inherit\">:\u00a0<\/em><em style=\"font-weight: inherit\">Programme Personnalis\u00e9 de R\u00e9ussite\u00a0<\/em><i style=\"font-weight: inherit\">\u00c9ducative<\/i><\/h4>\r\n<h4><span style=\"color: #000080\">**<\/span>MLDS : <em>Mission de Lutte contre le D\u00e9crochage Scolaire<\/em><\/h4>\r\n<h4><span style=\"color: #000080\">***<\/span> GPDS : <em>Groupe de Pr\u00e9vention au D\u00e9crochage\u00a0 Scolaire<\/em><\/h4>\r\n<p><strong><span style=\"color: #333399\">****<\/span> FoQualE : <em>Formation Qualification Emploi<\/em><\/strong><\/p>\r\n<hr \/>\r\n<h2><strong>\u21d2 Ecoutez l&rsquo;interview de Capucine, 16 ans, d\u00e9crocheuse scolaire.\u00a0\u00a0<\/strong><\/h2>\r\n<audio class=\"wp-audio-shortcode\" id=\"audio-4414-1\" preload=\"none\" style=\"width: 100%;\" controls=\"controls\"><source type=\"audio\/mpeg\" src=\"http:\/\/blog.espe-bretagne.fr\/prodm1vannes\/wp-content\/uploads\/2019\/03\/Interview-Capucine-1.m4a?_=1\" \/><a href=\"http:\/\/blog.espe-bretagne.fr\/prodm1vannes\/wp-content\/uploads\/2019\/03\/Interview-Capucine-1.m4a\">http:\/\/blog.espe-bretagne.fr\/prodm1vannes\/wp-content\/uploads\/2019\/03\/Interview-Capucine-1.m4a<\/a><\/audio>\r\n<audio class=\"wp-audio-shortcode\" id=\"audio-4414-2\" preload=\"none\" style=\"width: 100%;\" controls=\"controls\"><source type=\"audio\/mpeg\" src=\"http:\/\/blog.espe-bretagne.fr\/prodm1vannes\/wp-content\/uploads\/2019\/03\/Interview-Capucine-2.m4a?_=2\" \/><a href=\"http:\/\/blog.espe-bretagne.fr\/prodm1vannes\/wp-content\/uploads\/2019\/03\/Interview-Capucine-2.m4a\">http:\/\/blog.espe-bretagne.fr\/prodm1vannes\/wp-content\/uploads\/2019\/03\/Interview-Capucine-2.m4a<\/a><\/audio>\r\n<hr \/>\r\n<p><span style=\"color: #333333\"><em>Pour plus d&rsquo;informations\u00a0 :<\/em><\/span><\/p>\r\n<ul>\r\n<li><span style=\"color: #333333\"><a style=\"color: #333333\" href=\"https:\/\/www.gouvernement.fr\/ce-qu-il-faut-savoir-sur-le-decrochage-scolaire\">https:\/\/www.gouvernement.fr\/ce-qu-il-faut-savoir-sur-le-decrochage-scolaire<\/a><\/span><\/li>\r\n<li><span style=\"color: #333333\">http:\/\/www.ac-rennes.fr\/cid104318\/lutte-contre-decrochage-scolaire-mlds.html<\/span><\/li>\r\n<li><span style=\"color: #333333\"><a style=\"color: #333333\" href=\"http:\/\/reviensteformer.gouv.fr\/\">http:\/\/reviensteformer.gouv.fr\/<\/a><\/span><\/li>\r\n<li><span style=\"color: #333333\">https:\/\/www.journeesperseverancescolaire.com\/<\/span><\/li>\r\n<li>http:\/\/eduscol.education.fr\/cid55057\/prise-en-charge-des-jeunes-sortis-du-systeme-scolaire-sans-qualification.html<\/li>\r\n<\/ul>\r\n<p>&nbsp;<\/p>\r\n<hr \/>","protected":false},"excerpt":{"rendered":"<p>Dans la pens\u00e9e collective, les \u00e9l\u00e8ves en d\u00e9crochage scolaire sont souvent consid\u00e9r\u00e9s comme des jeunes sans motivation qui rejettent l&rsquo;\u00e9cole. Mais pour la plupart d&rsquo;entre eux, ce d\u00e9crochage engendre des cons\u00e9quences dans leur vie et pour leur avenir. Malgr\u00e9 la baisse observ\u00e9e,\u00a0 on constate depuis quelques ann\u00e9es, un nombre important d&rsquo;\u00e9l\u00e8ves d\u00e9crocheurs. Le d\u00e9crochage scolaire, [&hellip;]<\/p>\n","protected":false},"author":26,"featured_media":4673,"comment_status":"open","ping_status":"open","sticky":false,"template":"","format":"audio","meta":{"_jetpack_memberships_contains_paid_content":false,"footnotes":""},"categories":[67],"tags":[257,256,48],"coauthors":[178,173,227,183,63],"class_list":["post-4414","post","type-post","status-publish","format-audio","has-post-thumbnail","hentry","category-formation","tag-decrochage","tag-parcours-scolaire","tag-prevention","post_format-post-format-audio"],"jetpack_featured_media_url":"https:\/\/blog.espe-bretagne.fr\/prodm1vannes\/wp-content\/uploads\/2019\/03\/https___www.liguedroitsenfant.be_wp-content_uploads_2018_08_dC3A9crochage-nuage-de-mots-1.png","jetpack_sharing_enabled":true,"_links":{"self":[{"href":"https:\/\/blog.espe-bretagne.fr\/prodm1vannes\/wp-json\/wp\/v2\/posts\/4414","targetHints":{"allow":["GET"]}}],"collection":[{"href":"https:\/\/blog.espe-bretagne.fr\/prodm1vannes\/wp-json\/wp\/v2\/posts"}],"about":[{"href":"https:\/\/blog.espe-bretagne.fr\/prodm1vannes\/wp-json\/wp\/v2\/types\/post"}],"author":[{"embeddable":true,"href":"https:\/\/blog.espe-bretagne.fr\/prodm1vannes\/wp-json\/wp\/v2\/users\/26"}],"replies":[{"embeddable":true,"href":"https:\/\/blog.espe-bretagne.fr\/prodm1vannes\/wp-json\/wp\/v2\/comments?post=4414"}],"version-history":[{"count":18,"href":"https:\/\/blog.espe-bretagne.fr\/prodm1vannes\/wp-json\/wp\/v2\/posts\/4414\/revisions"}],"predecessor-version":[{"id":5061,"href":"https:\/\/blog.espe-bretagne.fr\/prodm1vannes\/wp-json\/wp\/v2\/posts\/4414\/revisions\/5061"}],"wp:featuredmedia":[{"embeddable":true,"href":"https:\/\/blog.espe-bretagne.fr\/prodm1vannes\/wp-json\/wp\/v2\/media\/4673"}],"wp:attachment":[{"href":"https:\/\/blog.espe-bretagne.fr\/prodm1vannes\/wp-json\/wp\/v2\/media?parent=4414"}],"wp:term":[{"taxonomy":"category","embeddable":true,"href":"https:\/\/blog.espe-bretagne.fr\/prodm1vannes\/wp-json\/wp\/v2\/categories?post=4414"},{"taxonomy":"post_tag","embeddable":true,"href":"https:\/\/blog.espe-bretagne.fr\/prodm1vannes\/wp-json\/wp\/v2\/tags?post=4414"},{"taxonomy":"author","embeddable":true,"href":"https:\/\/blog.espe-bretagne.fr\/prodm1vannes\/wp-json\/wp\/v2\/coauthors?post=4414"}],"curies":[{"name":"wp","href":"https:\/\/api.w.org\/{rel}","templated":true}]}}