{"id":4267,"date":"2019-03-19T11:14:53","date_gmt":"2019-03-19T10:14:53","guid":{"rendered":"http:\/\/blog.espe-bretagne.fr\/prodm1vannes\/?p=4267"},"modified":"2020-04-07T16:06:45","modified_gmt":"2020-04-07T14:06:45","slug":"les-outils-numeriques-a-lecole-vecteur-de-motivation","status":"publish","type":"post","link":"https:\/\/blog.espe-bretagne.fr\/prodm1vannes\/les-outils-numeriques-a-lecole-vecteur-de-motivation\/","title":{"rendered":"Les outils num\u00e9riques \u00e0 l&rsquo;\u00e9cole : Vecteur de motivation ?"},"content":{"rendered":"\n<p> <\/p>\n\n\n\n<p> Selon  l&rsquo;\u00e9tude Pisa (Programme for International Assessment) de 2015, il n&rsquo;existe pas de lien \u00e9tabli entre les performances des  enfants et le taux d&rsquo;\u00e9quipement num\u00e9rique de leurs salles de classe<strong>. <\/strong>Si les outils num\u00e9riques ne sont pas pr\u00e9dicteurs des performances des \u00e9l\u00e8ves, sont-ils des vecteurs de leur motivation ? Les \u00e9l\u00e8ves sont indubitablement attir\u00e9s par les \u00e9crans. Cet int\u00e9r\u00eat peut  apparaitre comme une forme de motivation mais dure-t-elle dans le temps  et quels sont ses effets sur les apprentissages ?  <br><\/p>\n\n\n\n<p>En m\u00eame temps l&rsquo;\u00e9tude Pisa  de 2015 montre que  l&rsquo;usage du num\u00e9rique favoris\u00e9 par un \u00e9quipement complet (ordinateurs, vid\u00e9oprojecteurs, tablettes, salle informatique)  est une des  raisons majeures de la r\u00e9ussite des \u00e9l\u00e8ves (http:\/\/cache.media.education.gouv.fr\/file\/12_-_Decembre\/06\/7\/2016_DP-PISA_2015_679067.pdf)<\/p>\n\n\n\n<p> L&rsquo;attractivit\u00e9  des outils num\u00e9riques pour les enfants peut \u00eatre per\u00e7ue comme le\u00a0 rejet  des m\u00e9thodes d&rsquo;apprentissage traditionnelles. Cependant les jeux  num\u00e9riques peuvent constituer une ressource p\u00e9dagogique riche et  motivante. Notamment cet outil p\u00e9dagogique permet aux \u00e9l\u00e8ves  d\u2019exp\u00e9rimenter et d\u2019avoir une attitude active face aux apprentissages.  Source de plaisir, et donc de motivation, il leur permet de travailler  en autonomie. La manipulation tactile en tant qu&rsquo;une des activit\u00e9s d\u2019apprentissage repr\u00e9sente un outil  innovant ayant \u00e9t\u00e9 tr\u00e8s vite int\u00e9gr\u00e9 dans les pratiques de classe. L&rsquo;int\u00e9gration  des outils num\u00e9riques \u00e0 l&rsquo;\u00e9cole contribue \u00e0 instaurer une \u00e9galit\u00e9 des  chances face aux technologies, et donc augmente la motivation des  \u00e9l\u00e8ves, la confiance en soi, les incite \u00e0 apprendre, facilite le  travail collaboratif, am\u00e9liore\u00a0 les r\u00e9sultats\u00a0 scolaires\u00a0 et\u00a0 permet  de\u00a0 lutter contre l&rsquo;\u00e9chec scolaire. On peut alors se demander si la  motivation, per\u00e7ue initialement gr\u00e2ce \u00e0 l&rsquo;effet de nouveaut\u00e9,  perdure dans le temps? Les \u00e9tudes montrent que l&rsquo;engagement dans  le temps est li\u00e9 aux obstacles rencontr\u00e9s et que le sentiment d\u2019auto  efficacit\u00e9 s&rsquo;av\u00e8re limit\u00e9.\u00a0 <\/p>\n\n\n\n<p>Si\u00a0  l\u2019on consid\u00e8re \u00e0 priori qu\u2019un \u00e9l\u00e8ve motiv\u00e9 apprend mieux, alors on  peut\u00a0 penser que les moyens num\u00e9riques facilitent l\u2019apprentissage. Mais  dire cela c\u2019est faire un raccourci dangereux. En effet, la motivation pour l\u2019apprentissage scolaire est d\u2019abord et avant tout une question de sens. La\u00a0  pens\u00e9e \u00ab zapping \u00bb trop rapide et superficielle que peut entrainer l&rsquo;usage du num\u00e9rique appauvrirait la m\u00e9moire et les capacit\u00e9s de synth\u00e8se personnelle et donc ne permettrait en rien de donner du sens aux  apprentissages. De\u00a0 plus les effets n\u00e9gatifs d\u2019une pratique excessive des \u00e9crans cr\u00e9ent des  manques d\u2019activit\u00e9s physiques et sociales r\u00e9elles, de sommeil, voire risques accrus de troubles de la vision plus tard. Ces troubles sont en contradiction totale et vont \u00e0 l&rsquo;encontre d&rsquo;un meilleur apprentissage.<\/p>\n\n\n\n<p>D&rsquo;apr\u00e8s  cette analyse, nous pouvons constater que le num\u00e9rique peut accroitre  la motivation de certains \u00e9l\u00e8ves et les aider \u00e0 progresser. Cet outil  peut se r\u00e9v\u00e9ler tr\u00e8s pertinent&nbsp; dans tous les domaines enseign\u00e9s.  Cependant, il faut savoir le manier avec finesse pour ne pas cr\u00e9er une  d\u00e9pendance chez les enfants, qui sont d\u00e9j\u00e0 tr\u00e8s expos\u00e9s aux dangers de  l&rsquo;\u00e9cran dans leur sph\u00e8re priv\u00e9e.<\/p>\n\n\n\n<p><\/p>\n\n\n\n<p><\/p>\n\n\n\n<p><\/p>\n","protected":false},"excerpt":{"rendered":"<p>Selon l&rsquo;\u00e9tude Pisa (Programme for International Assessment) de 2015, il n&rsquo;existe pas de lien \u00e9tabli entre les performances des enfants et le taux d&rsquo;\u00e9quipement num\u00e9rique de leurs salles de classe. Si les outils num\u00e9riques ne sont pas pr\u00e9dicteurs des performances des \u00e9l\u00e8ves, sont-ils des vecteurs de leur motivation ? Les \u00e9l\u00e8ves sont indubitablement attir\u00e9s par [&hellip;]<\/p>\n","protected":false},"author":26,"featured_media":4272,"comment_status":"open","ping_status":"open","sticky":false,"template":"","format":"standard","meta":{"_jetpack_memberships_contains_paid_content":false,"footnotes":""},"categories":[21],"tags":[],"coauthors":[130,132,161,226,63],"class_list":["post-4267","post","type-post","status-publish","format-standard","has-post-thumbnail","hentry","category-pratiques-numeriques"],"jetpack_featured_media_url":"https:\/\/blog.espe-bretagne.fr\/prodm1vannes\/wp-content\/uploads\/2019\/03\/images.jpeg","jetpack_sharing_enabled":true,"_links":{"self":[{"href":"https:\/\/blog.espe-bretagne.fr\/prodm1vannes\/wp-json\/wp\/v2\/posts\/4267","targetHints":{"allow":["GET"]}}],"collection":[{"href":"https:\/\/blog.espe-bretagne.fr\/prodm1vannes\/wp-json\/wp\/v2\/posts"}],"about":[{"href":"https:\/\/blog.espe-bretagne.fr\/prodm1vannes\/wp-json\/wp\/v2\/types\/post"}],"author":[{"embeddable":true,"href":"https:\/\/blog.espe-bretagne.fr\/prodm1vannes\/wp-json\/wp\/v2\/users\/26"}],"replies":[{"embeddable":true,"href":"https:\/\/blog.espe-bretagne.fr\/prodm1vannes\/wp-json\/wp\/v2\/comments?post=4267"}],"version-history":[{"count":8,"href":"https:\/\/blog.espe-bretagne.fr\/prodm1vannes\/wp-json\/wp\/v2\/posts\/4267\/revisions"}],"predecessor-version":[{"id":4683,"href":"https:\/\/blog.espe-bretagne.fr\/prodm1vannes\/wp-json\/wp\/v2\/posts\/4267\/revisions\/4683"}],"wp:featuredmedia":[{"embeddable":true,"href":"https:\/\/blog.espe-bretagne.fr\/prodm1vannes\/wp-json\/wp\/v2\/media\/4272"}],"wp:attachment":[{"href":"https:\/\/blog.espe-bretagne.fr\/prodm1vannes\/wp-json\/wp\/v2\/media?parent=4267"}],"wp:term":[{"taxonomy":"category","embeddable":true,"href":"https:\/\/blog.espe-bretagne.fr\/prodm1vannes\/wp-json\/wp\/v2\/categories?post=4267"},{"taxonomy":"post_tag","embeddable":true,"href":"https:\/\/blog.espe-bretagne.fr\/prodm1vannes\/wp-json\/wp\/v2\/tags?post=4267"},{"taxonomy":"author","embeddable":true,"href":"https:\/\/blog.espe-bretagne.fr\/prodm1vannes\/wp-json\/wp\/v2\/coauthors?post=4267"}],"curies":[{"name":"wp","href":"https:\/\/api.w.org\/{rel}","templated":true}]}}