{"id":4218,"date":"2019-03-18T16:55:21","date_gmt":"2019-03-18T15:55:21","guid":{"rendered":"http:\/\/blog.espe-bretagne.fr\/prodm1vannes\/?p=4218"},"modified":"2020-04-07T16:06:18","modified_gmt":"2020-04-07T14:06:18","slug":"les-5-points-cles-de-la-pedagogie-montessori","status":"publish","type":"post","link":"https:\/\/blog.espe-bretagne.fr\/prodm1vannes\/les-5-points-cles-de-la-pedagogie-montessori\/","title":{"rendered":"Les 5 points cl\u00e9s de la p\u00e9dagogie Montessori"},"content":{"rendered":"\n<p style=\"color:#ffd18c;font-size:15px;text-align:center\" class=\"has-text-color\"><em>\u00ab\u00a0Lib\u00e9rez le potentiel de l&rsquo;enfant et vous transformerez le monde avec lui.\u00a0\u00bb<\/em><\/p>\n\n\n\n<div class=\"wp-block-image\"><figure class=\"aligncenter is-resized\"><img loading=\"lazy\" decoding=\"async\" src=\"http:\/\/blog.espe-bretagne.fr\/prodm1vannes\/wp-content\/uploads\/2019\/04\/Sans-titre-1024x578.png\" alt=\"\" class=\"wp-image-4625\" width=\"512\" height=\"289\" srcset=\"https:\/\/blog.espe-bretagne.fr\/prodm1vannes\/wp-content\/uploads\/2019\/04\/Sans-titre-1024x578.png 1024w, https:\/\/blog.espe-bretagne.fr\/prodm1vannes\/wp-content\/uploads\/2019\/04\/Sans-titre-300x169.png 300w, https:\/\/blog.espe-bretagne.fr\/prodm1vannes\/wp-content\/uploads\/2019\/04\/Sans-titre-768x434.png 768w, https:\/\/blog.espe-bretagne.fr\/prodm1vannes\/wp-content\/uploads\/2019\/04\/Sans-titre.png 1240w\" sizes=\"auto, (max-width: 512px) 100vw, 512px\" \/><\/figure><\/div>\n\n\n\n<p><br>Depuis 1907, la p\u00e9dagogie Montessori ne cesse de faire parler d&rsquo;elle mais savez-vous r\u00e9ellement de quoi s&rsquo;agit-il ? <\/p>\n\n\n\n<p style=\"color:#283d9d\" class=\"has-text-color has-medium-font-size\"><strong>1-  Un environnement pr\u00e9par\u00e9 : <\/strong><\/p>\n\n\n\n<p>Dans une classe Montessori, le mobilier s\u2019harmonise \u00e0 la taille des enfants, ces derniers pouvant s\u2019asseoir, travailler debout \u00e0 la table de leur choix ou par terre sur un petit tapis et circuler librement dans l\u2019espace. Les \u00e9quipements doivent pouvoir \u00eatre d\u00e9plac\u00e9s facilement par les enfants. La d\u00e9coration dans la classe est \u00e9pur\u00e9e, favorisant le calme et la concentration. Le mat\u00e9riel fournit, accessible et plac\u00e9 de mani\u00e8re logique est autocorrectif, permettant ainsi \u00e0 l\u2019\u00e9l\u00e8ve de recommencer ou se perfectionner. Tout ceci dans le but de favoriser l\u2019autonomie de l\u2019\u00e9l\u00e8ve. <br><\/p>\n\n\n\n<div class=\"wp-block-image\"><figure class=\"aligncenter\"><img loading=\"lazy\" decoding=\"async\" width=\"300\" height=\"300\" src=\"http:\/\/blog.espe-bretagne.fr\/prodm1vannes\/wp-content\/uploads\/2019\/04\/54428410_433638010706801_1552102972052209664_n-300x300.jpg\" alt=\"\" class=\"wp-image-4642\" srcset=\"https:\/\/blog.espe-bretagne.fr\/prodm1vannes\/wp-content\/uploads\/2019\/04\/54428410_433638010706801_1552102972052209664_n-300x300.jpg 300w, https:\/\/blog.espe-bretagne.fr\/prodm1vannes\/wp-content\/uploads\/2019\/04\/54428410_433638010706801_1552102972052209664_n-150x150.jpg 150w, https:\/\/blog.espe-bretagne.fr\/prodm1vannes\/wp-content\/uploads\/2019\/04\/54428410_433638010706801_1552102972052209664_n-768x768.jpg 768w, https:\/\/blog.espe-bretagne.fr\/prodm1vannes\/wp-content\/uploads\/2019\/04\/54428410_433638010706801_1552102972052209664_n-1024x1024.jpg 1024w\" sizes=\"auto, (max-width: 300px) 100vw, 300px\" \/><figcaption> <\/figcaption><\/figure><\/div>\n\n\n\n<p style=\"color:#283d9d\" class=\"has-text-color has-medium-font-size\"><strong>2-<\/strong>  <strong>R\u00f4le de l\u2019adulte dans l\u2019apprentissage : <\/strong><\/p>\n\n\n\n<p>Avant tout observateur bienveillant, il est indispensable pour l\u2019\u00e9ducateur Montessori de bien conna\u00eetre l\u2019enfant afin de savoir quel mat\u00e9riel sp\u00e9cifique lui pr\u00e9senter selon son stade de d\u00e9veloppement. De plus, l\u2019adulte accompagne et guide l\u2019\u00e9l\u00e8ve dans son activit\u00e9 en s\u2019adaptant \u00e0 son rythme et \u00e0 ses besoins. L\u2019\u00e9ducateur doit avoir une attitude d\u2019acceptation envers l\u2019enfant. En effet, Maria Montessori disait que l\u2019enfant nous demande \u00e0 agir seul mais n\u00e9cessitant toujours un accompagnement de l\u2019adulte. <br><\/p>\n\n\n\n<div class=\"wp-block-image\"><figure class=\"aligncenter\"><img loading=\"lazy\" decoding=\"async\" width=\"300\" height=\"300\" src=\"http:\/\/blog.espe-bretagne.fr\/prodm1vannes\/wp-content\/uploads\/2019\/04\/53835464_353860772004800_7780646617517916160_n-300x300.jpg\" alt=\"\" class=\"wp-image-4640\" srcset=\"https:\/\/blog.espe-bretagne.fr\/prodm1vannes\/wp-content\/uploads\/2019\/04\/53835464_353860772004800_7780646617517916160_n-300x300.jpg 300w, https:\/\/blog.espe-bretagne.fr\/prodm1vannes\/wp-content\/uploads\/2019\/04\/53835464_353860772004800_7780646617517916160_n-150x150.jpg 150w, https:\/\/blog.espe-bretagne.fr\/prodm1vannes\/wp-content\/uploads\/2019\/04\/53835464_353860772004800_7780646617517916160_n-768x769.jpg 768w, https:\/\/blog.espe-bretagne.fr\/prodm1vannes\/wp-content\/uploads\/2019\/04\/53835464_353860772004800_7780646617517916160_n-1024x1024.jpg 1024w\" sizes=\"auto, (max-width: 300px) 100vw, 300px\" \/><figcaption> <\/figcaption><\/figure><\/div>\n\n\n\n<p style=\"color:#283d9d\" class=\"has-text-color has-medium-font-size\"><strong>3- Esprit absorbant <\/strong><\/p>\n\n\n\n<p><em>\u00ab\u00a0Les choses qui l&rsquo;entourent \u00e9veillent en l&rsquo;enfant un int\u00e9r\u00eat et un enthousiasme qui p\u00e9n\u00e8tre sa vie m\u00eame.\u00a0\u00bb<\/em> \u00c0 travers cette phrase, Maria Montessori d\u00e9crit une disposition naturelle qu&rsquo;\u00e0 l&rsquo;enfant \u00e0 s&rsquo;int\u00e9resser et \u00e0 absorber son milieu. D&rsquo;apr\u00e8s elle,  les acquisitions enfantines se font sans effort sous r\u00e9serve que l&rsquo;on offre \u00e0 l&rsquo;enfant de <em>vivre<\/em> le savoir et non de l&rsquo;<em>apprendre<\/em>. Cependant l&rsquo;enfant est sujet \u00e0 des <strong>p\u00e9riodes sensibles<\/strong>, temps plus ou moins longs durant lesquels il est passionn\u00e9ment attir\u00e9 par certains savoirs plut\u00f4t que d&rsquo;autres. Il est donc important de profiter de ce que Maria Montessori qualifie de \u00ab\u00a0sensibilit\u00e9 exceptionnelle\u00a0\u00bb pour lui pr\u00e9senter de quoi se rassasier. Ces savoirs resteront ainsi grav\u00e9s en lui plus qu&rsquo;\u00e0 n&rsquo;importe quelle autre p\u00e9riode.<br><\/p>\n\n\n\n<div class=\"wp-block-image\"><figure class=\"aligncenter\"><img loading=\"lazy\" decoding=\"async\" width=\"300\" height=\"300\" src=\"http:\/\/blog.espe-bretagne.fr\/prodm1vannes\/wp-content\/uploads\/2019\/04\/54424800_411722472720461_2228298667469570048_n-300x300.jpg\" alt=\"\" class=\"wp-image-4641\" srcset=\"https:\/\/blog.espe-bretagne.fr\/prodm1vannes\/wp-content\/uploads\/2019\/04\/54424800_411722472720461_2228298667469570048_n-300x300.jpg 300w, https:\/\/blog.espe-bretagne.fr\/prodm1vannes\/wp-content\/uploads\/2019\/04\/54424800_411722472720461_2228298667469570048_n-150x150.jpg 150w, https:\/\/blog.espe-bretagne.fr\/prodm1vannes\/wp-content\/uploads\/2019\/04\/54424800_411722472720461_2228298667469570048_n-768x771.jpg 768w, https:\/\/blog.espe-bretagne.fr\/prodm1vannes\/wp-content\/uploads\/2019\/04\/54424800_411722472720461_2228298667469570048_n-1021x1024.jpg 1021w\" sizes=\"auto, (max-width: 300px) 100vw, 300px\" \/><figcaption> <\/figcaption><\/figure><\/div>\n\n\n\n<p style=\"color:#283d9d\" class=\"has-text-color has-medium-font-size\"><strong>4- Diff\u00e9rentes pratiques<\/strong><\/p>\n\n\n\n<p>L&rsquo;\u00e9ducation Montessori permet aux enfants de d\u00e9velopper diff\u00e9rentes pratiques aboutissant \u00e0 un apprentissage de la vie quotidienne. <br>&#8211; L&rsquo;am\u00e9nagement de l&rsquo;espace de vie va influencer sur le d\u00e9placement et les mouvements de l&rsquo;enfant.  <br>&#8211; S\u2019approprier les bons gestes pour prendre soin de soi, \u00e0 travers des postures de d\u00e9placements, d\u2019hygi\u00e8ne de vie, faire preuve de courtoisie, effectuer des gestes d\u2019affection. Ceci permet d\u2019aller vers l&rsquo;autonomie. <br>&#8211; L&rsquo;exploration du monde qui l&rsquo;entoure par des actions telles que le toucher. Ceci va aider l\u2019enfant \u00e0 construire son intelligence, sa curiosit\u00e9, sa volont\u00e9. <br>&#8211; Volontairement, les gestes effectu\u00e9s vont aider les enfants \u00e0 se pr\u00e9parer pour structurer des gestes dont ils auront besoin couramment.  Maria Montessori laisse entendre que <em><strong>\u00ab\u00a0l&rsquo;intelligence vient de la main\u00a0\u00bb<\/strong><\/em>, justifiant la notion d\u2019apprentissage par la pratique.<br><\/p>\n\n\n\n<div class=\"wp-block-image\"><figure class=\"aligncenter\"><img loading=\"lazy\" decoding=\"async\" width=\"300\" height=\"300\" src=\"http:\/\/blog.espe-bretagne.fr\/prodm1vannes\/wp-content\/uploads\/2019\/04\/55444919_273796973520851_9028817109336981504_n-300x300.jpg\" alt=\"\" class=\"wp-image-4652\" srcset=\"https:\/\/blog.espe-bretagne.fr\/prodm1vannes\/wp-content\/uploads\/2019\/04\/55444919_273796973520851_9028817109336981504_n-300x300.jpg 300w, https:\/\/blog.espe-bretagne.fr\/prodm1vannes\/wp-content\/uploads\/2019\/04\/55444919_273796973520851_9028817109336981504_n-150x150.jpg 150w, https:\/\/blog.espe-bretagne.fr\/prodm1vannes\/wp-content\/uploads\/2019\/04\/55444919_273796973520851_9028817109336981504_n-768x769.jpg 768w, https:\/\/blog.espe-bretagne.fr\/prodm1vannes\/wp-content\/uploads\/2019\/04\/55444919_273796973520851_9028817109336981504_n-1024x1024.jpg 1024w\" sizes=\"auto, (max-width: 300px) 100vw, 300px\" \/><figcaption> <\/figcaption><\/figure><\/div>\n\n\n\n<p style=\"color:#283d9d\" class=\"has-text-color has-medium-font-size\"><strong>5- Int\u00e9r\u00eats et limites au regard de l\u2019exigence de l\u2019\u00e9ducation Nationale<\/strong><\/p>\n\n\n\n<p>\u2714       Elle favorise les apprentissages parce qu\u2019elle respecte le d\u00e9veloppement de l\u2019enfant.<br>\u2714        Elle facilite la gestion de l\u2019h\u00e9t\u00e9rog\u00e9n\u00e9it\u00e9, qui devient source d\u2019enrichissement, par des ateliers s\u2019adaptant aux diff\u00e9rences.<br>\u2714        Elle d\u00e9veloppe des apprentissages dans le domaine du \u00ab devenir \u00e9l\u00e8ve \u00bb qui apprend \u00e0 se concentrer, \u00e0 respecter les r\u00e8gles, \u00e0 gagner en confiance en lui, \u00e0 d\u00e9velopper son autonomie.<br>\u2714        Elle permet \u00e0 l\u2019\u00e9l\u00e8ve de prendre conscience de ses apprentissages qui s\u2019inscrit peu \u00e0 peu dans une d\u00e9marche de travail.<br><br>\u2718        Elle serait centr\u00e9e sur des pr\u00e9apprentissages \u00bb scolaires et ne couvre que certains besoins des enfants.<br>\u2718        Elle n\u00e9cessite beaucoup de mat\u00e9riel, souvent on\u00e9reux, ainsi que beaucoup de place.<br>\u2718        Pour Viviane Bouysse (inspectrice g\u00e9n\u00e9rale de l\u2019\u00e9ducation nationale), il y a peu d\u2019\u00e9changes verbaux entre les enfants et tr\u00e8s peu de temps collectifs riches pour les apprentissages langagiers.<br>\u2718        Selon Fran\u00e7oise Dolto (p\u00e9diatre et psychanalyste fran\u00e7aise),l\u2019ordre impos\u00e9 risque de rendre l\u2019\u00e9l\u00e8ve \u00ab maniaque, obsessionnel et intol\u00e9rant aux surprises et aux mouvements de la vie \u00bb<br><\/p>\n\n\n\n<p style=\"color:#283d9d\" class=\"has-text-color has-medium-font-size\">Sondage : <br> <br> <div class=\"h5p-iframe-wrapper\"><iframe id=\"h5p-iframe-59\" class=\"h5p-iframe\" data-content-id=\"59\" style=\"height:1px\" src=\"about:blank\" frameBorder=\"0\" scrolling=\"no\" title=\"Sondage\"><\/iframe><\/div>  <\/p>\n","protected":false},"excerpt":{"rendered":"<p>\u00ab\u00a0Lib\u00e9rez le potentiel de l&rsquo;enfant et vous transformerez le monde avec lui.\u00a0\u00bb Depuis 1907, la p\u00e9dagogie Montessori ne cesse de faire parler d&rsquo;elle mais savez-vous r\u00e9ellement de quoi s&rsquo;agit-il ? 1- Un environnement pr\u00e9par\u00e9 : Dans une classe Montessori, le mobilier s\u2019harmonise \u00e0 la taille des enfants, ces derniers pouvant s\u2019asseoir, travailler debout \u00e0 la [&hellip;]<\/p>\n","protected":false},"author":26,"featured_media":4625,"comment_status":"open","ping_status":"open","sticky":false,"template":"","format":"standard","meta":{"_jetpack_memberships_contains_paid_content":false,"footnotes":""},"categories":[67],"tags":[],"coauthors":[225,191,213,63],"class_list":["post-4218","post","type-post","status-publish","format-standard","has-post-thumbnail","hentry","category-formation"],"jetpack_featured_media_url":"https:\/\/blog.espe-bretagne.fr\/prodm1vannes\/wp-content\/uploads\/2019\/04\/Sans-titre.png","jetpack_sharing_enabled":true,"_links":{"self":[{"href":"https:\/\/blog.espe-bretagne.fr\/prodm1vannes\/wp-json\/wp\/v2\/posts\/4218","targetHints":{"allow":["GET"]}}],"collection":[{"href":"https:\/\/blog.espe-bretagne.fr\/prodm1vannes\/wp-json\/wp\/v2\/posts"}],"about":[{"href":"https:\/\/blog.espe-bretagne.fr\/prodm1vannes\/wp-json\/wp\/v2\/types\/post"}],"author":[{"embeddable":true,"href":"https:\/\/blog.espe-bretagne.fr\/prodm1vannes\/wp-json\/wp\/v2\/users\/26"}],"replies":[{"embeddable":true,"href":"https:\/\/blog.espe-bretagne.fr\/prodm1vannes\/wp-json\/wp\/v2\/comments?post=4218"}],"version-history":[{"count":27,"href":"https:\/\/blog.espe-bretagne.fr\/prodm1vannes\/wp-json\/wp\/v2\/posts\/4218\/revisions"}],"predecessor-version":[{"id":4655,"href":"https:\/\/blog.espe-bretagne.fr\/prodm1vannes\/wp-json\/wp\/v2\/posts\/4218\/revisions\/4655"}],"wp:featuredmedia":[{"embeddable":true,"href":"https:\/\/blog.espe-bretagne.fr\/prodm1vannes\/wp-json\/wp\/v2\/media\/4625"}],"wp:attachment":[{"href":"https:\/\/blog.espe-bretagne.fr\/prodm1vannes\/wp-json\/wp\/v2\/media?parent=4218"}],"wp:term":[{"taxonomy":"category","embeddable":true,"href":"https:\/\/blog.espe-bretagne.fr\/prodm1vannes\/wp-json\/wp\/v2\/categories?post=4218"},{"taxonomy":"post_tag","embeddable":true,"href":"https:\/\/blog.espe-bretagne.fr\/prodm1vannes\/wp-json\/wp\/v2\/tags?post=4218"},{"taxonomy":"author","embeddable":true,"href":"https:\/\/blog.espe-bretagne.fr\/prodm1vannes\/wp-json\/wp\/v2\/coauthors?post=4218"}],"curies":[{"name":"wp","href":"https:\/\/api.w.org\/{rel}","templated":true}]}}