{"id":4008,"date":"2019-03-18T14:46:48","date_gmt":"2019-03-18T13:46:48","guid":{"rendered":"http:\/\/blog.espe-bretagne.fr\/prodm1vannes\/?p=4008"},"modified":"2020-04-07T16:06:07","modified_gmt":"2020-04-07T14:06:07","slug":"autonomie-et-motivation-dans-les-apprentissages","status":"publish","type":"post","link":"https:\/\/blog.espe-bretagne.fr\/prodm1vannes\/autonomie-et-motivation-dans-les-apprentissages\/","title":{"rendered":"Autonomie et motivation dans les apprentissages"},"content":{"rendered":"\r\n<p>&nbsp;<\/p>\r\n\r\n\r\n\r\n<p><span style=\"color: #000000\"><span style=\"font-size: medium\"><span style=\"color: #5a5a5a\"><span style=\"font-family: Open Sans, serif\"><span style=\"font-size: small\">En quelques mots nous allons tenter de d\u00e9finir les concepts d\u2019autonomie et de motivation.<\/span><\/span><\/span><\/span><\/span><\/p>\r\n<p><span style=\"color: #000000\"><span style=\"font-size: medium\"><span style=\"color: #5a5a5a\"><span style=\"font-family: Open Sans, serif\"><span style=\"font-size: small\">D\u2019apr\u00e8s Rolland Viaux (psychop\u00e9dagogue universitaire, Qu\u00e9b\u00e9cois), la <\/span><\/span><\/span><span style=\"color: #5a5a5a\"><span style=\"font-family: Open Sans, serif\"><span style=\"font-size: small\"><b>motivation<\/b><\/span><\/span><\/span><span style=\"color: #5a5a5a\"><span style=\"font-family: Open Sans, serif\"><span style=\"font-size: small\"> est un ph\u00e9nom\u00e8ne dynamique donc c\u2019est quelque chose qui change constamment. Un individu qui n\u2019a pas de motivation n\u2019existe pas, elle fait juste yo-yo. La motivation est\u00a0: <\/span><\/span><\/span><span style=\"color: #5a5a5a\"><span style=\"font-family: Open Sans, serif\"><span style=\"font-size: small\"><i>\u00ab\u00a0Un \u00e9tat dynamique qui a ses origines dans les perceptions qu\u2019un \u00e9l\u00e8ve a de lui-m\u00eame et de son environnement et qui l\u2019incitent (les perceptions) \u00e0 choisir une activit\u00e9, \u00e0 s\u2019y engager et \u00e0 pers\u00e9v\u00e9rer dans son accomplissement afin d\u2019atteindre un but.\u00a0\u00bb.<\/i><\/span><\/span><\/span><\/span><\/span><\/p>\r\n<p><span style=\"font-family: Times New Roman, serif\"><span style=\"font-size: medium\"><span style=\"color: #5a5a5a\"><span style=\"font-family: Open Sans, serif\"><span style=\"font-size: small\">L\u2019autonomie est un concept vaste et pas facile \u00e0 d\u00e9finir de fa\u00e7on pr\u00e9cise. Dans un premier temps nous pouvons affirmer que l\u2019autonomie (auto- soi-m\u00eame) c\u2019est suivre une r\u00e8gle, une loi qu\u2019on s\u2019impose librement \u00e0 soi-m\u00eame. C\u2019est ob\u00e9ir \u00e0 la loi qu\u2019on s\u2019est prescrite. La vis\u00e9e de l\u2019\u00e9ducation est de faire acc\u00e9der l\u2019enfant \u00e0 l\u2019autonomie, c&rsquo;est-\u00e0-dire qu\u2019il soit capable de s\u2019auto-g\u00e9rer. De plus, nous pouvons rajouter que la vraie autonomie se trouve lorsque l\u2019individu est capable de juger de la justesse des lois, c&rsquo;est-\u00e0-dire que c\u2019est suivre une r\u00e8gle librement, mais une r\u00e8gle qu\u2019on estime juste.<\/span><\/span><\/span><\/span><\/span><\/p>\r\n<p align=\"CENTER\">\u00a0<\/p>\r\n<p align=\"CENTER\"><span style=\"font-family: Times New Roman, serif\"><span style=\"font-size: medium\"><b>Max est d\u00e9motiv\u00e9.<\/b><\/span><\/span><\/p>\r\n<p><span style=\"font-family: Times New Roman, serif\"><span style=\"font-size: medium\"><span style=\"color: #5a5a5a\"><span style=\"font-family: Open Sans, serif\"><span style=\"font-size: small\">Max, 1\u00e8re ann\u00e9e de Master MEEF est d\u00e9motiv\u00e9. Son assiduit\u00e9 et son investissement en cours ainsi que son travail personnel sont en baisses. Il se couche tard, il mange mal et sort fr\u00e9quemment le jeudi soir et le week-end. Pourtant, le CRPE est dans 3 mois. C\u2019est une \u00e9ch\u00e9ance importante pour l\u2019avenir de Max, qui se destine au m\u00e9tier de professeur des \u00e9coles.<\/span><\/span><\/span><\/span><\/span><\/p>\r\n<p align=\"CENTER\">\u00a0<\/p>\r\n<p align=\"CENTER\"><span style=\"font-family: Times New Roman, serif\"><span style=\"font-size: medium\"><b>Nous allons aider Max \u00e0 retrouver sa motivation au travers de diff\u00e9rentes p\u00e9dagogies.<\/b><\/span><\/span><\/p>\r\n<p><span style=\"font-family: Times New Roman, serif\"><span style=\"font-size: medium\"><span style=\"color: #5a5a5a\"><span style=\"font-family: Open Sans, serif\"><span style=\"font-size: small\">Tout d\u2019abord, Maslow, dans sa pyramide des besoins pr\u00e9conise comme base de respecter ses besoins physiologiques. Il faut alors que Max dorme plus, qu\u2019il ait une alimentation \u00e9quilibr\u00e9e et qu\u2019il \u00e9vite de faire trop la f\u00eate, toutefois, Max doit rester sociable afin de conserver ses relations amicales pour r\u00e9pondre \u00e0 ses besoins sociaux que l\u2019on retrouve \u00e0 la 3\u00e8me place de la pyramide.<\/span><\/span><\/span><\/span><\/span><\/p>\r\n<p><span style=\"font-family: Times New Roman, serif\"><span style=\"font-size: medium\"><span style=\"color: #5a5a5a\"><span style=\"font-family: Open Sans, serif\"><span style=\"font-size: small\">Roland Viau reprend cette id\u00e9e en expliquant que la vie sociale influe sur la dynamique de l\u2019\u00e9l\u00e8ve. Nous conseillons \u00e9galement \u00e0 Max de reprendre un rythme scolaire assidue et de se faire un planning de r\u00e9vision afin de retrouver la motivation dont il a besoin.<\/span><\/span><\/span><\/span><\/span><\/p>\r\n<p><span style=\"font-family: Times New Roman, serif\"><span style=\"font-size: medium\"><span style=\"color: #5a5a5a\"><span style=\"font-family: Open Sans, serif\"><span style=\"font-size: small\">Sachez \u00e9galement que, si vous \u00eates professeur, vous avez un r\u00f4le important \u00e0 jouer dans la motivation. Selon Jean Houssaye, la relation \u00e9l\u00e8ve-professeur est aussi importante que la relation entre le savoir et l\u2019\u00e9l\u00e8ve.<\/span><\/span><\/span><\/span><\/span><\/p>\r\n<p><span style=\"font-family: Times New Roman, serif\"><span style=\"font-size: medium\"><span style=\"color: #5a5a5a\"><span style=\"font-family: Open Sans, serif\"><span style=\"font-size: small\">Il est important d\u2019adapter sa p\u00e9dagogie en fonction du public avec qui vous travaillez. Plus les \u00e9l\u00e8ves seront actifs et autonomes, plus ils seront motiv\u00e9s \u00e0 s\u2019engager dans les apprentissages.\u00a0<br \/>Maria Montessori puis C\u00e9line Alavrez ont pr\u00e9conis\u00e9 ces p\u00e9dagogies.<\/span><\/span><\/span><\/span><\/span><\/p>\r\n<p><span style=\"font-family: Times New Roman, serif\"><span style=\"font-size: medium\"><span style=\"color: #5a5a5a\"><span style=\"font-family: Open Sans, serif\"><span style=\"font-size: small\">Gr\u00e2ce \u00e0 ces pr\u00e9conisations, Max va pouvoir trouver un \u00e9quilibre qui lui est propre et qui lui permettra de travailler dans de meilleures conditions dans le but d\u2019obtenir son CRPE<\/span><\/span><\/span><\/span><\/span><\/p>\r\n","protected":false},"excerpt":{"rendered":"<p>&nbsp; En quelques mots nous allons tenter de d\u00e9finir les concepts d\u2019autonomie et de motivation. D\u2019apr\u00e8s Rolland Viaux (psychop\u00e9dagogue universitaire, Qu\u00e9b\u00e9cois), la motivation est un ph\u00e9nom\u00e8ne dynamique donc c\u2019est quelque chose qui change constamment. Un individu qui n\u2019a pas de motivation n\u2019existe pas, elle fait juste yo-yo. La motivation est\u00a0: \u00ab\u00a0Un \u00e9tat dynamique qui a [&hellip;]<\/p>\n","protected":false},"author":26,"featured_media":4188,"comment_status":"open","ping_status":"open","sticky":false,"template":"","format":"standard","meta":{"_jetpack_memberships_contains_paid_content":false,"footnotes":""},"categories":[67],"tags":[],"coauthors":[238,63],"class_list":["post-4008","post","type-post","status-publish","format-standard","has-post-thumbnail","hentry","category-formation"],"jetpack_featured_media_url":"https:\/\/blog.espe-bretagne.fr\/prodm1vannes\/wp-content\/uploads\/2019\/03\/Depression.jpg","jetpack_sharing_enabled":true,"_links":{"self":[{"href":"https:\/\/blog.espe-bretagne.fr\/prodm1vannes\/wp-json\/wp\/v2\/posts\/4008","targetHints":{"allow":["GET"]}}],"collection":[{"href":"https:\/\/blog.espe-bretagne.fr\/prodm1vannes\/wp-json\/wp\/v2\/posts"}],"about":[{"href":"https:\/\/blog.espe-bretagne.fr\/prodm1vannes\/wp-json\/wp\/v2\/types\/post"}],"author":[{"embeddable":true,"href":"https:\/\/blog.espe-bretagne.fr\/prodm1vannes\/wp-json\/wp\/v2\/users\/26"}],"replies":[{"embeddable":true,"href":"https:\/\/blog.espe-bretagne.fr\/prodm1vannes\/wp-json\/wp\/v2\/comments?post=4008"}],"version-history":[{"count":6,"href":"https:\/\/blog.espe-bretagne.fr\/prodm1vannes\/wp-json\/wp\/v2\/posts\/4008\/revisions"}],"predecessor-version":[{"id":4955,"href":"https:\/\/blog.espe-bretagne.fr\/prodm1vannes\/wp-json\/wp\/v2\/posts\/4008\/revisions\/4955"}],"wp:featuredmedia":[{"embeddable":true,"href":"https:\/\/blog.espe-bretagne.fr\/prodm1vannes\/wp-json\/wp\/v2\/media\/4188"}],"wp:attachment":[{"href":"https:\/\/blog.espe-bretagne.fr\/prodm1vannes\/wp-json\/wp\/v2\/media?parent=4008"}],"wp:term":[{"taxonomy":"category","embeddable":true,"href":"https:\/\/blog.espe-bretagne.fr\/prodm1vannes\/wp-json\/wp\/v2\/categories?post=4008"},{"taxonomy":"post_tag","embeddable":true,"href":"https:\/\/blog.espe-bretagne.fr\/prodm1vannes\/wp-json\/wp\/v2\/tags?post=4008"},{"taxonomy":"author","embeddable":true,"href":"https:\/\/blog.espe-bretagne.fr\/prodm1vannes\/wp-json\/wp\/v2\/coauthors?post=4008"}],"curies":[{"name":"wp","href":"https:\/\/api.w.org\/{rel}","templated":true}]}}