{"id":3881,"date":"2019-02-12T12:03:23","date_gmt":"2019-02-12T11:03:23","guid":{"rendered":"http:\/\/blog.espe-bretagne.fr\/prodm1vannes\/?p=3881"},"modified":"2021-03-02T18:34:52","modified_gmt":"2021-03-02T17:34:52","slug":"comment-levolution-des-techniques-devaluation-influe-t-elle-la-reussite-des-eleves","status":"publish","type":"post","link":"https:\/\/blog.espe-bretagne.fr\/prodm1vannes\/comment-levolution-des-techniques-devaluation-influe-t-elle-la-reussite-des-eleves\/","title":{"rendered":"Comment l&rsquo;\u00e9volution des techniques d&rsquo;\u00e9valuation influe-t-elle la r\u00e9ussite des \u00e9l\u00e8ves ?"},"content":{"rendered":"\r\n<div class=\"wp-block-image\">\r\n<figure class=\"aligncenter\"><img loading=\"lazy\" decoding=\"async\" width=\"468\" height=\"312\" class=\"wp-image-4087\" src=\"http:\/\/blog.espe-bretagne.fr\/prodm1vannes\/wp-content\/uploads\/2019\/02\/Ecole-primaire.jpg\" alt=\"\" srcset=\"https:\/\/blog.espe-bretagne.fr\/prodm1vannes\/wp-content\/uploads\/2019\/02\/Ecole-primaire.jpg 468w, https:\/\/blog.espe-bretagne.fr\/prodm1vannes\/wp-content\/uploads\/2019\/02\/Ecole-primaire-300x200.jpg 300w\" sizes=\"auto, (max-width: 468px) 100vw, 468px\" \/><\/figure>\r\n<\/div>\r\n\r\n\r\n\r\n<h3 class=\"wp-block-heading\"><strong>Passage d&rsquo;une \u00e9valuation not\u00e9e \u00e0 une \u00e9valuation par comp\u00e9tences<\/strong><\/h3>\r\n\r\n\r\n\r\n<h4 class=\"wp-block-heading\">\u00c9valuation not\u00e9e<\/h4>\r\n\r\n\r\n\r\n<p>En France , l\u2019utilisation des <strong>notes <\/strong>a \u00e9t\u00e9 syst\u00e9matique pendant de nombreuses ann\u00e9es. Cependant, elle commence depuis peu \u00e0 \u00eatre remise en question. Aujourd\u2019hui la note a \u00e9t\u00e9 critiqu\u00e9e notamment pour :<\/p>\r\n\r\n\r\n\r\n<ul class=\"wp-block-list\">\r\n<li>le <strong>jugement de valeur <\/strong>qu\u2019elle implique ;<\/li>\r\n<li>l\u2019impact sur l\u2019<strong>estime de soi <\/strong>des \u00e9l\u00e8ves en cas d\u2019\u00e9checs r\u00e9p\u00e9t\u00e9s ;<\/li>\r\n<li>la <strong>comparaison <\/strong>aux autres \u00e9l\u00e8ves ;<\/li>\r\n<li>les erreurs d\u2019<strong>interpr\u00e9tation <\/strong>et le <strong>manque de sens <\/strong>qu\u2019elle peut g\u00e9n\u00e9rer.<\/li>\r\n<\/ul>\r\n\r\n\r\n\r\n<p>Cette r\u00e9flexion critique de l\u2019usage de la note am\u00e8ne de nouvelles fa\u00e7ons d\u2019\u00e9valuer les \u00e9l\u00e8ves dans les \u00e9coles.<\/p>\r\n\r\n\r\n\r\n<h4 class=\"wp-block-heading\"><strong>\u00c9valuation par comp\u00e9tences<\/strong><\/h4>\r\n\r\n\r\n\r\n<figure class=\"wp-block-embed-youtube wp-block-embed is-type-video is-provider-youtube wp-embed-aspect-16-9 wp-has-aspect-ratio\">\r\n<div class=\"wp-block-embed__wrapper\">https:\/\/www.youtube.com\/watch?v=Uvk1OYEC_PA<\/div>\r\n<\/figure>\r\n\r\n\r\n\r\n<p><strong><em>Les cycles<\/em><\/strong><\/p>\r\n\r\n\r\n\r\n<p>La logique de cycles, aujourd\u2019hui en pleine expansion, date pourtant de la Loi d\u2019Orientation sur l\u2019\u00c9ducation de <strong>1989<\/strong>. A l\u2019origine, la loi cr\u00e9e <strong>trois cycles<\/strong>, organis\u00e9s de la fa\u00e7on suivante :<\/p>\r\n\r\n\r\n\r\n<ul class=\"wp-block-list\">\r\n<li>Cycle 1\u00a0: \u00e9cole maternelle<\/li>\r\n<li>Cycle 2\u00a0: CP \u2013 CE<\/li>\r\n<li>Cycle 3\u00a0: CE2 \u2013 CM1 \u2013 CM2<\/li>\r\n<\/ul>\r\n\r\n\r\n\r\n<p>Le d\u00e9cret de <strong>2013<\/strong>, dont l\u2019application a \u00e9t\u00e9 int\u00e9gralement effective en 2017, vient modifier l\u2019organisation de ces cycles : le CE2 passe d\u00e9sormais dans le Cycle 2, la 6\u00e8me vient s\u2019ajouter au Cycle 3 dans un souci de continuit\u00e9 entre \u00e9cole et coll\u00e8ge, et ajout d\u2019un quatri\u00e8me cycle regroupant 5\u00e8me, 4\u00e8me et 3\u00e8me.<\/p>\r\n\r\n\r\n\r\n<p>Cette logique de cycles permet une plus grande <strong>continuit\u00e9 <\/strong>pour les \u00e9l\u00e8ves dans leurs apprentissages. En effet, les attendus ne sont plus fix\u00e9s d\u2019ann\u00e9e en ann\u00e9e, mais s\u2019\u00e9talent d\u00e9sormais <strong>sur trois ans<\/strong>, ce qui laisse aux enseignants la libert\u00e9 de r\u00e9partir les contenus sur la totalit\u00e9 du cycle. Ainsi, les \u00e9l\u00e8ves peuvent, s\u2019ils n\u2019ont pas acquis une notion \u00e0 la fin de l\u2019ann\u00e9e, y revenir l\u2019ann\u00e9e suivante selon une<strong> logique spiralaire<\/strong>.<\/p>\r\n\r\n\r\n\r\n<figure class=\"wp-block-image\"><img loading=\"lazy\" decoding=\"async\" width=\"1024\" height=\"273\" class=\"wp-image-3927\" src=\"http:\/\/blog.espe-bretagne.fr\/prodm1vannes\/wp-content\/uploads\/2019\/02\/image-1-1024x273.png\" alt=\"\" srcset=\"https:\/\/blog.espe-bretagne.fr\/prodm1vannes\/wp-content\/uploads\/2019\/02\/image-1-1024x273.png 1024w, https:\/\/blog.espe-bretagne.fr\/prodm1vannes\/wp-content\/uploads\/2019\/02\/image-1-300x80.png 300w, https:\/\/blog.espe-bretagne.fr\/prodm1vannes\/wp-content\/uploads\/2019\/02\/image-1-768x205.png 768w, https:\/\/blog.espe-bretagne.fr\/prodm1vannes\/wp-content\/uploads\/2019\/02\/image-1.png 1425w\" sizes=\"auto, (max-width: 1024px) 100vw, 1024px\" \/>\r\n<figcaption><em>R\u00e9partition des diff\u00e9rents cycles d&rsquo;apprentissage<\/em><\/figcaption>\r\n<\/figure>\r\n\r\n\r\n\r\n<p><strong><em>Le LSU<\/em><\/strong><\/p>\r\n\r\n\r\n\r\n<p>Le LSU (Livret Scolaire Unique) a \u00e9t\u00e9 cr\u00e9\u00e9 pour avoir un <strong>suivi des acquis<\/strong> de l&rsquo;\u00e9l\u00e8ve tout au long de sa <strong>scolarit\u00e9 obligatoire<\/strong>.<\/p>\r\n\r\n\r\n\r\n<p>En cours de scolarit\u00e9 \u00e0 l&rsquo;\u00e9cole et au coll\u00e8ge, le livret scolaire d&rsquo;un \u00e9l\u00e8ve regroupe\u00a0:<\/p>\r\n\r\n\r\n\r\n<ul class=\"wp-block-list\">\r\n<li>les <strong>bilans p\u00e9riodiques<\/strong> du cycle en cours\u00a0;<\/li>\r\n<li>en premi\u00e8re ann\u00e9e d&rsquo;un cycle, les bilans p\u00e9riodiques du cycle pr\u00e9c\u00e9dent\u00a0;<\/li>\r\n<li>les <strong>bilans de fin des cycles<\/strong> <strong>pr\u00e9c\u00e9dents <\/strong>;<\/li>\r\n<li>les attestations d\u00e9j\u00e0 obtenues\u00a0: PSC1, ASSR 1 et 2, AER, attestation scolaire \u00ab\u00a0savoir-nager\u00a0\u00bb (ASSN).<\/li>\r\n<\/ul>\r\n\r\n\r\n\r\n<p>Les <strong>bilans p\u00e9riodiques<\/strong> portent sur les <strong>acquis <\/strong>et les <strong>progr\u00e8s <\/strong>de l&rsquo;\u00e9l\u00e8ve, les \u00e9l\u00e9ments du programme travaill\u00e9s, les parcours \u00e9ducatifs, les \u00e9ventuelles modalit\u00e9s sp\u00e9cifiques d&rsquo;accompagnement mises en place, au coll\u00e8ge les enseignements compl\u00e9mentaires et des \u00e9l\u00e9ments de vie scolaire.<\/p>\r\n\r\n\r\n\r\n<p>Les <strong>bilans de fin de cycle<\/strong> comprennent une \u00e9valuation du niveau de ma\u00eetrise des <strong>8 composantes<\/strong> suivantes du socle commun\u00a0:<\/p>\r\n\r\n\r\n\r\n<ul class=\"wp-block-list\">\r\n<li>les 4 objectifs de connaissances et de comp\u00e9tences du premier domaine\u00a0;<\/li>\r\n<li>les 4 autres domaines.<\/li>\r\n<\/ul>\r\n\r\n\r\n\r\n<p>Ces bilans comportent \u00e9galement une appr\u00e9ciation sur les acquis scolaires du cycle, et, le cas \u00e9ch\u00e9ant, des conseils pour le cycle suivant.<\/p>\r\n\r\n\r\n\r\n<p>Le niveau de ma\u00eetrise du socle commun peut \u00e9galement \u00eatre \u00e9valu\u00e9 en cours de cycle.<\/p>\r\n\r\n\r\n\r\n<div class=\"wp-block-image\">\r\n<figure class=\"aligncenter\"><img loading=\"lazy\" decoding=\"async\" width=\"729\" height=\"564\" class=\"wp-image-4109\" src=\"http:\/\/blog.espe-bretagne.fr\/prodm1vannes\/wp-content\/uploads\/2019\/03\/2016-09-21-11_03_12-EV16_LSUN_C2_CE1_612057.pdf-Opera.png\" alt=\"\" srcset=\"https:\/\/blog.espe-bretagne.fr\/prodm1vannes\/wp-content\/uploads\/2019\/03\/2016-09-21-11_03_12-EV16_LSUN_C2_CE1_612057.pdf-Opera.png 729w, https:\/\/blog.espe-bretagne.fr\/prodm1vannes\/wp-content\/uploads\/2019\/03\/2016-09-21-11_03_12-EV16_LSUN_C2_CE1_612057.pdf-Opera-300x232.png 300w\" sizes=\"auto, (max-width: 729px) 100vw, 729px\" \/>\r\n<figcaption><em>Exemple de LSU pour un \u00e9l\u00e8ve de CE1<\/em> &#8211; http:\/\/tice.etab.ac-lille.fr\/2016\/11\/23\/livret-scolaire-unique-numerique-lsu\/<\/figcaption>\r\n<\/figure>\r\n<\/div>\r\n\r\n\r\n\r\n<h3 class=\"wp-block-heading\"><strong>Aujourd&rsquo;hui, r\u00e9ussite est synonyme de ma\u00eetrise du socle commun de connaissances de comp\u00e9tences et de culture<\/strong><\/h3>\r\n\r\n\r\n\r\n<p>Le <strong>socle commun<\/strong> constitue la finalit\u00e9 de la scolarit\u00e9 obligatoire. Il a \u00e9t\u00e9 cr\u00e9\u00e9 en mars 2015. Il vise la formation du futur citoyen et permet la poursuite des \u00e9tudes par l&rsquo;acquisition des comp\u00e9tences et des connaissances. Tous les enseignements contribuent \u00e0 la maitrise de celui-ci. Le socle commun s&rsquo;articule autour de <strong>quatre cycles<\/strong> :<\/p>\r\n\r\n\r\n\r\n<ul class=\"wp-block-list\">\r\n<li>Cycle 1 : cycle des <strong>apprentissages premiers<\/strong><\/li>\r\n<li>Cycle 2 : cycle des <strong>apprentissages fondamentaux<\/strong><\/li>\r\n<li>Cycle 3 : cycle de <strong>consolidation<\/strong><\/li>\r\n<li>Cycle 4 : cycle des <strong>approfondissements<\/strong><\/li>\r\n<\/ul>\r\n\r\n\r\n\r\n<p>Le socle commun est partag\u00e9 en <strong>cinq domaines<\/strong> qui \u00e9noncent les comp\u00e9tences et les connaissances indispensables \u00e0 acqu\u00e9rir tout au long de la scolarit\u00e9 obligatoire :<\/p>\r\n\r\n\r\n\r\n<div class=\"wp-block-image\">\r\n<figure class=\"aligncenter\"><img loading=\"lazy\" decoding=\"async\" width=\"421\" height=\"1024\" class=\"wp-image-3899\" src=\"http:\/\/blog.espe-bretagne.fr\/prodm1vannes\/wp-content\/uploads\/2019\/02\/image-421x1024.png\" alt=\"\" srcset=\"https:\/\/blog.espe-bretagne.fr\/prodm1vannes\/wp-content\/uploads\/2019\/02\/image-421x1024.png 421w, https:\/\/blog.espe-bretagne.fr\/prodm1vannes\/wp-content\/uploads\/2019\/02\/image-123x300.png 123w, https:\/\/blog.espe-bretagne.fr\/prodm1vannes\/wp-content\/uploads\/2019\/02\/image.png 720w\" sizes=\"auto, (max-width: 421px) 100vw, 421px\" \/><\/figure>\r\n<\/div>\r\n\r\n\r\n\r\n<p>L&rsquo;acquisition du socle commun est \u00e9valu\u00e9e par le <strong>Dipl\u00f4me National du Brevet<\/strong>.<\/p>\r\n\r\n\r\n\r\n<h3 class=\"wp-block-heading\"><strong>La r\u00e9ussite de tous : objectif majeur d&rsquo;une \u00e9valuation par comp\u00e9tences<\/strong><\/h3>\r\n\r\n\r\n\r\n<h4 class=\"wp-block-heading\">Pourquoi diff\u00e9rencier ?<\/h4>\r\n\r\n\r\n\r\n<p>L&rsquo;acquisition de ces comp\u00e9tences ne s&rsquo;acqui\u00e8rent pas de la m\u00eame mani\u00e8re pour tous les \u00e9l\u00e8ves. C&rsquo;est pourquoi, la mise en \u0153uvre d&rsquo;une <strong>p\u00e9dagogie diff\u00e9renci\u00e9e<\/strong> permet d&rsquo;amener tous les \u00e9l\u00e8ves vers la r\u00e9ussite.<\/p>\r\n\r\n\r\n\r\n<p>Les <strong>sept postulats de Richard W. Burns<\/strong> mettent en \u00e9vidence les diff\u00e9rences entre les \u00e9l\u00e8ves :<\/p>\r\n\r\n\r\n\r\n<ul class=\"wp-block-list\">\r\n<li>Il n\u2019y a pas 2 apprenants qui progressent \u00e0 la m\u00eame vitesse.<\/li>\r\n<li>Il n\u2019y a pas 2 apprenants qui soient pr\u00eats \u00e0 apprendre en m\u00eame temps.<\/li>\r\n<li>Il n\u2019y a pas 2 apprenants qui utilisent les m\u00eames techniques d\u2019\u00e9tude.<\/li>\r\n<li>Il n\u2019y a pas 2 apprenants qui r\u00e9solvent les probl\u00e8mes exactement de la m\u00eame mani\u00e8re.<\/li>\r\n<li>Il n\u2019y a pas 2 apprenants qui poss\u00e8dent le m\u00eame r\u00e9pertoire de comportements.<\/li>\r\n<li>Il n\u2019y a pas 2 apprenants qui poss\u00e8dent le m\u00eame profil d\u2019int\u00e9r\u00eat.<\/li>\r\n<li>Il n\u2019y a pas 2 apprenants qui soient motiv\u00e9s pour atteindre les m\u00eames buts.<\/li>\r\n<\/ul>\r\n\r\n\r\n\r\n<h4 class=\"wp-block-heading\">Quand et comment diff\u00e9rencier ?<\/h4>\r\n\r\n\r\n\r\n<p><strong>Roland Goigoux<\/strong>, professeur des universit\u00e9s sp\u00e9cialiste dans l&rsquo;enseignement de la lecture, identifie <strong>7 familles d&rsquo;aide<\/strong> afin de permettre efficacement aux \u00e9l\u00e8ves de progresser.<\/p>\r\n\r\n\r\n\r\n<figure class=\"wp-block-image\"><img loading=\"lazy\" decoding=\"async\" width=\"897\" height=\"729\" class=\"wp-image-4100\" src=\"http:\/\/blog.espe-bretagne.fr\/prodm1vannes\/wp-content\/uploads\/2019\/03\/quand_et_comment_differencier_r_goigoux.png\" alt=\"\" srcset=\"https:\/\/blog.espe-bretagne.fr\/prodm1vannes\/wp-content\/uploads\/2019\/03\/quand_et_comment_differencier_r_goigoux.png 897w, https:\/\/blog.espe-bretagne.fr\/prodm1vannes\/wp-content\/uploads\/2019\/03\/quand_et_comment_differencier_r_goigoux-300x244.png 300w, https:\/\/blog.espe-bretagne.fr\/prodm1vannes\/wp-content\/uploads\/2019\/03\/quand_et_comment_differencier_r_goigoux-768x624.png 768w\" sizes=\"auto, (max-width: 897px) 100vw, 897px\" \/>\r\n<figcaption><em>Les 7 familles d&rsquo;aide<\/em> &#8211; <strong>R.Goigoux<\/strong><\/figcaption>\r\n<\/figure>\r\n","protected":false},"excerpt":{"rendered":"<p>Passage d&rsquo;une \u00e9valuation not\u00e9e \u00e0 une \u00e9valuation par comp\u00e9tences \u00c9valuation not\u00e9e En France , l\u2019utilisation des notes a \u00e9t\u00e9 syst\u00e9matique pendant de nombreuses ann\u00e9es. Cependant, elle commence depuis peu \u00e0 \u00eatre remise en question. Aujourd\u2019hui la note a \u00e9t\u00e9 critiqu\u00e9e notamment pour : le jugement de valeur qu\u2019elle implique ; l\u2019impact sur l\u2019estime de soi [&hellip;]<\/p>\n","protected":false},"author":26,"featured_media":4087,"comment_status":"open","ping_status":"open","sticky":false,"template":"","format":"standard","meta":{"_jetpack_memberships_contains_paid_content":false,"footnotes":""},"categories":[517,243],"tags":[],"coauthors":[63],"class_list":["post-3881","post","type-post","status-publish","format-standard","has-post-thumbnail","hentry","category-pedagogie","category-transversal"],"jetpack_featured_media_url":"https:\/\/blog.espe-bretagne.fr\/prodm1vannes\/wp-content\/uploads\/2019\/02\/Ecole-primaire.jpg","jetpack_sharing_enabled":true,"_links":{"self":[{"href":"https:\/\/blog.espe-bretagne.fr\/prodm1vannes\/wp-json\/wp\/v2\/posts\/3881","targetHints":{"allow":["GET"]}}],"collection":[{"href":"https:\/\/blog.espe-bretagne.fr\/prodm1vannes\/wp-json\/wp\/v2\/posts"}],"about":[{"href":"https:\/\/blog.espe-bretagne.fr\/prodm1vannes\/wp-json\/wp\/v2\/types\/post"}],"author":[{"embeddable":true,"href":"https:\/\/blog.espe-bretagne.fr\/prodm1vannes\/wp-json\/wp\/v2\/users\/26"}],"replies":[{"embeddable":true,"href":"https:\/\/blog.espe-bretagne.fr\/prodm1vannes\/wp-json\/wp\/v2\/comments?post=3881"}],"version-history":[{"count":18,"href":"https:\/\/blog.espe-bretagne.fr\/prodm1vannes\/wp-json\/wp\/v2\/posts\/3881\/revisions"}],"predecessor-version":[{"id":7719,"href":"https:\/\/blog.espe-bretagne.fr\/prodm1vannes\/wp-json\/wp\/v2\/posts\/3881\/revisions\/7719"}],"wp:featuredmedia":[{"embeddable":true,"href":"https:\/\/blog.espe-bretagne.fr\/prodm1vannes\/wp-json\/wp\/v2\/media\/4087"}],"wp:attachment":[{"href":"https:\/\/blog.espe-bretagne.fr\/prodm1vannes\/wp-json\/wp\/v2\/media?parent=3881"}],"wp:term":[{"taxonomy":"category","embeddable":true,"href":"https:\/\/blog.espe-bretagne.fr\/prodm1vannes\/wp-json\/wp\/v2\/categories?post=3881"},{"taxonomy":"post_tag","embeddable":true,"href":"https:\/\/blog.espe-bretagne.fr\/prodm1vannes\/wp-json\/wp\/v2\/tags?post=3881"},{"taxonomy":"author","embeddable":true,"href":"https:\/\/blog.espe-bretagne.fr\/prodm1vannes\/wp-json\/wp\/v2\/coauthors?post=3881"}],"curies":[{"name":"wp","href":"https:\/\/api.w.org\/{rel}","templated":true}]}}