{"id":11428,"date":"2025-05-20T19:35:42","date_gmt":"2025-05-20T17:35:42","guid":{"rendered":"http:\/\/blog.espe-bretagne.fr\/prodm1vannes\/?p=11428"},"modified":"2025-05-21T09:25:36","modified_gmt":"2025-05-21T07:25:36","slug":"conte-sur-moi","status":"publish","type":"post","link":"https:\/\/blog.espe-bretagne.fr\/prodm1vannes\/conte-sur-moi\/","title":{"rendered":"Conte sur moi"},"content":{"rendered":"<div style=\"width: 640px;\" class=\"wp-video\"><video class=\"wp-video-shortcode\" id=\"video-11428-1\" width=\"640\" height=\"360\" preload=\"metadata\" controls=\"controls\"><source type=\"video\/mp4\" src=\"http:\/\/blog.espe-bretagne.fr\/prodm1vannes\/wp-content\/uploads\/2025\/05\/Audio-conte-sur-moi.mp4?_=1\" \/><a href=\"http:\/\/blog.espe-bretagne.fr\/prodm1vannes\/wp-content\/uploads\/2025\/05\/Audio-conte-sur-moi.mp4\">http:\/\/blog.espe-bretagne.fr\/prodm1vannes\/wp-content\/uploads\/2025\/05\/Audio-conte-sur-moi.mp4<\/a><\/video><\/div>\n<p>Face \u00e0 la surconsommation actuelle des \u00e9crans, le Minist\u00e8re de la Culture tire la sonnette d&rsquo;alarme sur la baisse du temps de lecture chez les \u00e9l\u00e8ves.<\/p>\n<p>C&rsquo;est pour cette raison qu&rsquo;\u00e9merge : Conte sur moi ! Un projet \u00e9ducatif qui s&rsquo;inscrit dans un double parcours. Celui du parcours citoyen et du parcours PEAC.<\/p>\n<p>Son objectif ? R\u00e9concilier les jeunes avec la lecture en leur proposant une approche\u00a0 vivante, ludique et engageante autour d&rsquo;un projet sur l&rsquo;oralisation de contes. Pour cela, chaque \u00e9l\u00e8ve est invit\u00e9 \u00e0 s&rsquo;approprier le concept de raconter une histoire par la rencontre, la pratique, l&rsquo;\u00e9change et l&rsquo;usage de leur cr\u00e9ativit\u00e9.<\/p>\n<p>Conte sur moi ! Un projet qui vise \u00e0 apprendre autrement, valoriser l&rsquo;expression orale, l&rsquo;\u00e9coute et le partage. Le tout en d\u00e9couvrant des lieux et acteurs culturelles sur le territoire.<\/p>\n<p>Adrie Isaia, Assia Benouda, Loann Veniant et Ma\u00efwenn Le Pessec<\/p>\n","protected":false},"excerpt":{"rendered":"<p>Face \u00e0 la surconsommation actuelle des \u00e9crans, le Minist\u00e8re de la Culture tire la sonnette d&rsquo;alarme sur la baisse du temps de lecture chez les \u00e9l\u00e8ves. C&rsquo;est pour cette raison qu&rsquo;\u00e9merge : Conte sur moi ! Un projet \u00e9ducatif qui s&rsquo;inscrit dans un double parcours. Celui du parcours citoyen et du parcours PEAC. Son objectif [&hellip;]<\/p>\n","protected":false},"author":427,"featured_media":11430,"comment_status":"closed","ping_status":"open","sticky":false,"template":"","format":"standard","meta":{"_jetpack_memberships_contains_paid_content":false,"footnotes":""},"categories":[328,636,690],"tags":[687,714,715,740],"coauthors":[873],"class_list":["post-11428","post","type-post","status-publish","format-standard","has-post-thumbnail","hentry","category-citoyennete","category-climat-scolaire","category-culture","tag-lien-intergenerationnel","tag-parcours-citoyen","tag-parcours-peac","tag-partage"],"jetpack_featured_media_url":"https:\/\/blog.espe-bretagne.fr\/prodm1vannes\/wp-content\/uploads\/2025\/05\/read-4747620_1280.jpg","jetpack_sharing_enabled":true,"_links":{"self":[{"href":"https:\/\/blog.espe-bretagne.fr\/prodm1vannes\/wp-json\/wp\/v2\/posts\/11428","targetHints":{"allow":["GET"]}}],"collection":[{"href":"https:\/\/blog.espe-bretagne.fr\/prodm1vannes\/wp-json\/wp\/v2\/posts"}],"about":[{"href":"https:\/\/blog.espe-bretagne.fr\/prodm1vannes\/wp-json\/wp\/v2\/types\/post"}],"author":[{"embeddable":true,"href":"https:\/\/blog.espe-bretagne.fr\/prodm1vannes\/wp-json\/wp\/v2\/users\/427"}],"replies":[{"embeddable":true,"href":"https:\/\/blog.espe-bretagne.fr\/prodm1vannes\/wp-json\/wp\/v2\/comments?post=11428"}],"version-history":[{"count":3,"href":"https:\/\/blog.espe-bretagne.fr\/prodm1vannes\/wp-json\/wp\/v2\/posts\/11428\/revisions"}],"predecessor-version":[{"id":11434,"href":"https:\/\/blog.espe-bretagne.fr\/prodm1vannes\/wp-json\/wp\/v2\/posts\/11428\/revisions\/11434"}],"wp:featuredmedia":[{"embeddable":true,"href":"https:\/\/blog.espe-bretagne.fr\/prodm1vannes\/wp-json\/wp\/v2\/media\/11430"}],"wp:attachment":[{"href":"https:\/\/blog.espe-bretagne.fr\/prodm1vannes\/wp-json\/wp\/v2\/media?parent=11428"}],"wp:term":[{"taxonomy":"category","embeddable":true,"href":"https:\/\/blog.espe-bretagne.fr\/prodm1vannes\/wp-json\/wp\/v2\/categories?post=11428"},{"taxonomy":"post_tag","embeddable":true,"href":"https:\/\/blog.espe-bretagne.fr\/prodm1vannes\/wp-json\/wp\/v2\/tags?post=11428"},{"taxonomy":"author","embeddable":true,"href":"https:\/\/blog.espe-bretagne.fr\/prodm1vannes\/wp-json\/wp\/v2\/coauthors?post=11428"}],"curies":[{"name":"wp","href":"https:\/\/api.w.org\/{rel}","templated":true}]}}