{"id":11398,"date":"2025-05-19T16:44:39","date_gmt":"2025-05-19T14:44:39","guid":{"rendered":"https:\/\/blog.espe-bretagne.fr\/prodm1vannes\/?p=11398"},"modified":"2025-05-19T16:44:39","modified_gmt":"2025-05-19T14:44:39","slug":"merveilleuse","status":"publish","type":"post","link":"https:\/\/blog.espe-bretagne.fr\/prodm1vannes\/merveilleuse\/","title":{"rendered":"Mer&rsquo;veilleuse"},"content":{"rendered":"<p class=\"p2\">Les \u00e9l\u00e8ves s\u2019engagent pour la protection du littoral !<\/p>\n<p class=\"p4\">Dans le cadre de notre formation, nous avons imagin\u00e9 un projet p\u00e9dagogique interdisciplinaire \u00e0 destination des \u00e9l\u00e8ves de primaire, centr\u00e9 sur la protection du littoral et le d\u00e9veloppement durable. Le projet, intitul\u00e9 Mer\u2019veilleuse, mobilise plusieurs champs du socle commun de connaissances, de comp\u00e9tences et de culture : la formation de la personne et du citoyen, les langages pour penser et communiquer, syst\u00e8mes naturels et syst\u00e8mes techniques.<\/p>\n<p class=\"p4\">Les \u00e9l\u00e8ves \u00e9tudieront, par une approche active les \u00e9cosyst\u00e8mes marins, pour comprendre les menaces qui p\u00e8sent sur eux : pollution aux microplastiques, \u00e9rosion, et proposer des r\u00e9ponses en lien avec les acteurs du territoire (associations, collectivit\u00e9s\u2026).<\/p>\n<p class=\"p4\">Ce projet inscrit le parcours citoyen, en formant \u00e0 des gestes \u00e9coresponsables, mais \u00e9galement les parcours avenir et sant\u00e9, en \u00e9veillant aux impacts \u00e9cologiques et sanitaires des d\u00e9gradations environnementales.<\/p>\n<p class=\"p4\">Les projets abord\u00e9s : intervention d\u2019experts, nettoyage des plages, cr\u00e9ations artistiques en land art, \u00e9criture de textes informatifs, cr\u00e9ation d\u2019un journal du littoral. Tous les travaux seront expos\u00e9s \u00e0 l\u2019\u00e9cole pour valoriser l\u2019engagement citoyen des \u00e9l\u00e8ves au service de l\u2019acquisition de comp\u00e9tences scientifiques, langagi\u00e8res et artistiques.Un projet engag\u00e9, \u00e9ducatif et porteur de sens, pour \u00e9veiller les consciences d\u00e8s le plus jeune \u00e2ge !<\/p>\n<p>&nbsp;<\/p>\n<p>Ad\u00e8le Morel, Cyrielle Denais, Katell Guihard, Ma\u00eblys Derr\u00e9<\/p>\n<p><a href=\"http:\/\/blog.espe-bretagne.fr\/prodm1vannes\/wp-content\/uploads\/2025\/05\/MerVeilleuse-Projet-UE4.mp4\">Mer&rsquo;Veilleuse Projet UE4<\/a><\/p>\n","protected":false},"excerpt":{"rendered":"<p>Les \u00e9l\u00e8ves s\u2019engagent pour la protection du littoral ! Dans le cadre de notre formation, nous avons imagin\u00e9 un projet p\u00e9dagogique interdisciplinaire \u00e0 destination des \u00e9l\u00e8ves de primaire, centr\u00e9 sur la protection du littoral et le d\u00e9veloppement durable. Le projet, intitul\u00e9 Mer\u2019veilleuse, mobilise plusieurs champs du socle commun de connaissances, de comp\u00e9tences et de culture [&hellip;]<\/p>\n","protected":false},"author":427,"featured_media":11399,"comment_status":"closed","ping_status":"open","sticky":false,"template":"","format":"standard","meta":{"_jetpack_memberships_contains_paid_content":false,"footnotes":""},"categories":[1],"tags":[],"coauthors":[873],"class_list":["post-11398","post","type-post","status-publish","format-standard","has-post-thumbnail","hentry","category-non-classe"],"jetpack_featured_media_url":"https:\/\/blog.espe-bretagne.fr\/prodm1vannes\/wp-content\/uploads\/2025\/05\/merveilleuse-1.png","jetpack_sharing_enabled":true,"_links":{"self":[{"href":"https:\/\/blog.espe-bretagne.fr\/prodm1vannes\/wp-json\/wp\/v2\/posts\/11398","targetHints":{"allow":["GET"]}}],"collection":[{"href":"https:\/\/blog.espe-bretagne.fr\/prodm1vannes\/wp-json\/wp\/v2\/posts"}],"about":[{"href":"https:\/\/blog.espe-bretagne.fr\/prodm1vannes\/wp-json\/wp\/v2\/types\/post"}],"author":[{"embeddable":true,"href":"https:\/\/blog.espe-bretagne.fr\/prodm1vannes\/wp-json\/wp\/v2\/users\/427"}],"replies":[{"embeddable":true,"href":"https:\/\/blog.espe-bretagne.fr\/prodm1vannes\/wp-json\/wp\/v2\/comments?post=11398"}],"version-history":[{"count":1,"href":"https:\/\/blog.espe-bretagne.fr\/prodm1vannes\/wp-json\/wp\/v2\/posts\/11398\/revisions"}],"predecessor-version":[{"id":11402,"href":"https:\/\/blog.espe-bretagne.fr\/prodm1vannes\/wp-json\/wp\/v2\/posts\/11398\/revisions\/11402"}],"wp:featuredmedia":[{"embeddable":true,"href":"https:\/\/blog.espe-bretagne.fr\/prodm1vannes\/wp-json\/wp\/v2\/media\/11399"}],"wp:attachment":[{"href":"https:\/\/blog.espe-bretagne.fr\/prodm1vannes\/wp-json\/wp\/v2\/media?parent=11398"}],"wp:term":[{"taxonomy":"category","embeddable":true,"href":"https:\/\/blog.espe-bretagne.fr\/prodm1vannes\/wp-json\/wp\/v2\/categories?post=11398"},{"taxonomy":"post_tag","embeddable":true,"href":"https:\/\/blog.espe-bretagne.fr\/prodm1vannes\/wp-json\/wp\/v2\/tags?post=11398"},{"taxonomy":"author","embeddable":true,"href":"https:\/\/blog.espe-bretagne.fr\/prodm1vannes\/wp-json\/wp\/v2\/coauthors?post=11398"}],"curies":[{"name":"wp","href":"https:\/\/api.w.org\/{rel}","templated":true}]}}