{"id":11395,"date":"2025-05-20T14:17:47","date_gmt":"2025-05-20T12:17:47","guid":{"rendered":"https:\/\/blog.espe-bretagne.fr\/prodm1vannes\/?p=11395"},"modified":"2025-05-20T14:17:47","modified_gmt":"2025-05-20T12:17:47","slug":"les-voix-dune-ecole-engagee-pour-bien-manger-aperodiet","status":"publish","type":"post","link":"https:\/\/blog.espe-bretagne.fr\/prodm1vannes\/les-voix-dune-ecole-engagee-pour-bien-manger-aperodiet\/","title":{"rendered":"Les voix d\u2019une \u00e9cole engag\u00e9e pour bien manger : Ap\u00e9ro&rsquo;Diet"},"content":{"rendered":"<div style=\"width: 640px;\" class=\"wp-video\"><video class=\"wp-video-shortcode\" id=\"video-11395-1\" width=\"640\" height=\"1138\" preload=\"metadata\" controls=\"controls\"><source type=\"video\/mp4\" src=\"http:\/\/blog.espe-bretagne.fr\/prodm1vannes\/wp-content\/uploads\/2025\/05\/0520-1.mp4?_=1\" \/><a href=\"http:\/\/blog.espe-bretagne.fr\/prodm1vannes\/wp-content\/uploads\/2025\/05\/0520-1.mp4\">http:\/\/blog.espe-bretagne.fr\/prodm1vannes\/wp-content\/uploads\/2025\/05\/0520-1.mp4<\/a><\/video><\/div>\n<p>&nbsp;<\/p>\n<p><span style=\"font-weight: 400\">Dans cette \u00e9cole, l\u2019\u00e9quipe enseignante s\u2019est engag\u00e9e dans un projet ambitieux et interdisciplinaire : <\/span><b>Ap\u00e9ro\u2019Diet<\/b><span style=\"font-weight: 400\">.\u00a0<\/span><\/p>\n<p><span style=\"font-weight: 400\">L\u2019objectif ? Sensibiliser les \u00e9l\u00e8ves, de la petite section au CM2, \u00e0 une alimentation saine et durable, en lien avec les programmes scolaires et les parcours \u00e9ducatifs.\u00a0<\/span><\/p>\n<p><span style=\"font-weight: 400\">Chaque cycle a explor\u00e9 une th\u00e9matique adapt\u00e9e \u00e0 son niveau : jardinage et soupe maison en cycle 1, desserts sans sucre en cycle 2, \u00e9quilibre alimentaire et travail sur les proportions en cycle 3.\u00a0<\/span><\/p>\n<p><span style=\"font-weight: 400\">Le projet a suscit\u00e9 un v\u00e9ritable engouement aupr\u00e8s des familles, pleinement investies lors du temps fort final : un ap\u00e9ritif d\u00eenatoire cuisin\u00e9 par les \u00e9l\u00e8ves, partag\u00e9 \u00e0 l\u2019\u00e9cole avec les parents. Cette implication active des familles a renforc\u00e9 les liens \u00e9cole-maison, favorisant un climat scolaire serein et bienveillant.\u00a0<\/span><\/p>\n<p><span style=\"font-weight: 400\">Pour valoriser cette dynamique, une vid\u00e9o Konlini a \u00e9t\u00e9 r\u00e9alis\u00e9e, donnant la parole aux \u00e9l\u00e8ves, aux enseignants et \u00e0 la direction. Une belle illustration de co\u00e9ducation au service de la sant\u00e9, de l\u2019environnement et du vivre-ensemble.<\/span><\/p>\n","protected":false},"excerpt":{"rendered":"<p>&nbsp; Dans cette \u00e9cole, l\u2019\u00e9quipe enseignante s\u2019est engag\u00e9e dans un projet ambitieux et interdisciplinaire : Ap\u00e9ro\u2019Diet.\u00a0 L\u2019objectif ? Sensibiliser les \u00e9l\u00e8ves, de la petite section au CM2, \u00e0 une alimentation saine et durable, en lien avec les programmes scolaires et les parcours \u00e9ducatifs.\u00a0 Chaque cycle a explor\u00e9 une th\u00e9matique adapt\u00e9e \u00e0 son niveau : jardinage [&hellip;]<\/p>\n","protected":false},"author":427,"featured_media":11403,"comment_status":"closed","ping_status":"open","sticky":false,"template":"","format":"standard","meta":{"_jetpack_memberships_contains_paid_content":false,"footnotes":""},"categories":[328,785],"tags":[735,117,510,880,876,820,877,881,878,879],"coauthors":[873],"class_list":["post-11395","post","type-post","status-publish","format-standard","has-post-thumbnail","hentry","category-citoyennete","category-sante","tag-alimentation","tag-coeducation","tag-eleves","tag-equilibre","tag-equipe-enseignante","tag-familles","tag-jardinage","tag-proportions","tag-soupe","tag-sucre"],"jetpack_featured_media_url":"https:\/\/blog.espe-bretagne.fr\/prodm1vannes\/wp-content\/uploads\/2025\/05\/apero-diet.png","jetpack_sharing_enabled":true,"_links":{"self":[{"href":"https:\/\/blog.espe-bretagne.fr\/prodm1vannes\/wp-json\/wp\/v2\/posts\/11395","targetHints":{"allow":["GET"]}}],"collection":[{"href":"https:\/\/blog.espe-bretagne.fr\/prodm1vannes\/wp-json\/wp\/v2\/posts"}],"about":[{"href":"https:\/\/blog.espe-bretagne.fr\/prodm1vannes\/wp-json\/wp\/v2\/types\/post"}],"author":[{"embeddable":true,"href":"https:\/\/blog.espe-bretagne.fr\/prodm1vannes\/wp-json\/wp\/v2\/users\/427"}],"replies":[{"embeddable":true,"href":"https:\/\/blog.espe-bretagne.fr\/prodm1vannes\/wp-json\/wp\/v2\/comments?post=11395"}],"version-history":[{"count":4,"href":"https:\/\/blog.espe-bretagne.fr\/prodm1vannes\/wp-json\/wp\/v2\/posts\/11395\/revisions"}],"predecessor-version":[{"id":11427,"href":"https:\/\/blog.espe-bretagne.fr\/prodm1vannes\/wp-json\/wp\/v2\/posts\/11395\/revisions\/11427"}],"wp:featuredmedia":[{"embeddable":true,"href":"https:\/\/blog.espe-bretagne.fr\/prodm1vannes\/wp-json\/wp\/v2\/media\/11403"}],"wp:attachment":[{"href":"https:\/\/blog.espe-bretagne.fr\/prodm1vannes\/wp-json\/wp\/v2\/media?parent=11395"}],"wp:term":[{"taxonomy":"category","embeddable":true,"href":"https:\/\/blog.espe-bretagne.fr\/prodm1vannes\/wp-json\/wp\/v2\/categories?post=11395"},{"taxonomy":"post_tag","embeddable":true,"href":"https:\/\/blog.espe-bretagne.fr\/prodm1vannes\/wp-json\/wp\/v2\/tags?post=11395"},{"taxonomy":"author","embeddable":true,"href":"https:\/\/blog.espe-bretagne.fr\/prodm1vannes\/wp-json\/wp\/v2\/coauthors?post=11395"}],"curies":[{"name":"wp","href":"https:\/\/api.w.org\/{rel}","templated":true}]}}