{"id":11343,"date":"2025-05-20T12:36:00","date_gmt":"2025-05-20T10:36:00","guid":{"rendered":"https:\/\/blog.espe-bretagne.fr\/prodm1vannes\/?p=11343"},"modified":"2025-05-20T12:36:00","modified_gmt":"2025-05-20T10:36:00","slug":"a-table-pour-demain","status":"publish","type":"post","link":"https:\/\/blog.espe-bretagne.fr\/prodm1vannes\/a-table-pour-demain\/","title":{"rendered":"\u00c0 table pour demain"},"content":{"rendered":"<p>Aujourd\u2019hui, on parle beaucoup de transition \u00e9cologique, de consommation responsable, de l\u2019avenir de la plan\u00e8te, mais au fond, tout commence par ce qu\u2019on met dans nos assiettes. Comment nourrir tout le monde sans ab\u00eemer la plan\u00e8te ? Qu\u2019est-ce que veut dire bien manger aujourd\u2019hui ? Est-ce que tout le monde devrait avoir un potager chez soi ou \u00e0 l\u2019\u00e9cole ?<\/p>\n<p>Le potager, ce n\u2019est pas juste avoir les mains dans la terre, voir les l\u00e9gumes pousser, c\u2019est un outil p\u00e9dagogique pour les enseignants. De plus en plus d\u2019\u00e9coles et de villes int\u00e8grent le potager dans les cours : les \u00e9l\u00e8ves apprennent, collaborent, observent et d\u00e9veloppent leur sens des responsabilit\u00e9s. Alors, le potager, est-il une simple activit\u00e9 ou un levier pour transformer notre rapport \u00e0 l\u2019alimentation ?<\/p>\n<p>&nbsp;<\/p>\n<div style=\"width: 640px;\" class=\"wp-video\"><video class=\"wp-video-shortcode\" id=\"video-11343-1\" width=\"640\" height=\"360\" preload=\"metadata\" controls=\"controls\"><source type=\"video\/mp4\" src=\"http:\/\/blog.espe-bretagne.fr\/prodm1vannes\/wp-content\/uploads\/2025\/05\/a-table-pour-demain.mp4?_=1\" \/><a href=\"http:\/\/blog.espe-bretagne.fr\/prodm1vannes\/wp-content\/uploads\/2025\/05\/a-table-pour-demain.mp4\">http:\/\/blog.espe-bretagne.fr\/prodm1vannes\/wp-content\/uploads\/2025\/05\/a-table-pour-demain.mp4<\/a><\/video><\/div>\n<p>Emma Court\u00e8s, M\u00e9lane Le Roux, Aziliz Jeann\u00e8s, Clarisse Moulineuf, Baptiste Tanguy<\/p>\n","protected":false},"excerpt":{"rendered":"<p>Aujourd\u2019hui, on parle beaucoup de transition \u00e9cologique, de consommation responsable, de l\u2019avenir de la plan\u00e8te, mais au fond, tout commence par ce qu\u2019on met dans nos assiettes. Comment nourrir tout le monde sans ab\u00eemer la plan\u00e8te ? Qu\u2019est-ce que veut dire bien manger aujourd\u2019hui ? Est-ce que tout le monde devrait avoir un potager chez [&hellip;]<\/p>\n","protected":false},"author":427,"featured_media":11358,"comment_status":"closed","ping_status":"open","sticky":false,"template":"","format":"standard","meta":{"_jetpack_memberships_contains_paid_content":false,"footnotes":""},"categories":[328,774,785],"tags":[735,579,767,472],"coauthors":[873],"class_list":["post-11343","post","type-post","status-publish","format-standard","has-post-thumbnail","hentry","category-citoyennete","category-environnement","category-sante","tag-alimentation","tag-developpement-durable","tag-potager","tag-sante"],"jetpack_featured_media_url":"https:\/\/blog.espe-bretagne.fr\/prodm1vannes\/wp-content\/uploads\/2025\/05\/Montage-photo-Vacances-printemps-Simple-Elegant-Minimaliste-Vert-Blanc.png","jetpack_sharing_enabled":true,"_links":{"self":[{"href":"https:\/\/blog.espe-bretagne.fr\/prodm1vannes\/wp-json\/wp\/v2\/posts\/11343","targetHints":{"allow":["GET"]}}],"collection":[{"href":"https:\/\/blog.espe-bretagne.fr\/prodm1vannes\/wp-json\/wp\/v2\/posts"}],"about":[{"href":"https:\/\/blog.espe-bretagne.fr\/prodm1vannes\/wp-json\/wp\/v2\/types\/post"}],"author":[{"embeddable":true,"href":"https:\/\/blog.espe-bretagne.fr\/prodm1vannes\/wp-json\/wp\/v2\/users\/427"}],"replies":[{"embeddable":true,"href":"https:\/\/blog.espe-bretagne.fr\/prodm1vannes\/wp-json\/wp\/v2\/comments?post=11343"}],"version-history":[{"count":2,"href":"https:\/\/blog.espe-bretagne.fr\/prodm1vannes\/wp-json\/wp\/v2\/posts\/11343\/revisions"}],"predecessor-version":[{"id":11419,"href":"https:\/\/blog.espe-bretagne.fr\/prodm1vannes\/wp-json\/wp\/v2\/posts\/11343\/revisions\/11419"}],"wp:featuredmedia":[{"embeddable":true,"href":"https:\/\/blog.espe-bretagne.fr\/prodm1vannes\/wp-json\/wp\/v2\/media\/11358"}],"wp:attachment":[{"href":"https:\/\/blog.espe-bretagne.fr\/prodm1vannes\/wp-json\/wp\/v2\/media?parent=11343"}],"wp:term":[{"taxonomy":"category","embeddable":true,"href":"https:\/\/blog.espe-bretagne.fr\/prodm1vannes\/wp-json\/wp\/v2\/categories?post=11343"},{"taxonomy":"post_tag","embeddable":true,"href":"https:\/\/blog.espe-bretagne.fr\/prodm1vannes\/wp-json\/wp\/v2\/tags?post=11343"},{"taxonomy":"author","embeddable":true,"href":"https:\/\/blog.espe-bretagne.fr\/prodm1vannes\/wp-json\/wp\/v2\/coauthors?post=11343"}],"curies":[{"name":"wp","href":"https:\/\/api.w.org\/{rel}","templated":true}]}}