{"id":113,"date":"2017-04-04T15:40:35","date_gmt":"2017-04-04T13:40:35","guid":{"rendered":"http:\/\/python.espe-bretagne.fr\/prodm1vannes\/?p=113"},"modified":"2017-04-07T10:22:53","modified_gmt":"2017-04-07T08:22:53","slug":"les-pratiques-du-podcast-apprendre-avec-la-baladodiffusion","status":"publish","type":"post","link":"https:\/\/blog.espe-bretagne.fr\/prodm1vannes\/les-pratiques-du-podcast-apprendre-avec-la-baladodiffusion\/","title":{"rendered":"Les pratiques du podcast\/ Apprendre avec la baladodiffusion"},"content":{"rendered":"<h2><\/h2>\n<h2><\/h2>\n<h2>Venez nombreux au salon des TICE au gymnase de l&rsquo;Espe de Vannes!<\/h2>\n<h2>Vous pourrez venir nous voir le 28 avril au stand consacr\u00e9 au podcast.<\/h2>\n<h2><strong><em><img loading=\"lazy\" decoding=\"async\" class=\"wp-image-785 aligncenter\" src=\"http:\/\/python.espe-bretagne.fr\/prodm1vannes\/wp-content\/uploads\/2016\/11\/affiche-podcast-212x300.jpg\" alt=\"affiche podcast\" width=\"296\" height=\"419\" srcset=\"https:\/\/blog.espe-bretagne.fr\/prodm1vannes\/wp-content\/uploads\/2016\/11\/affiche-podcast-212x300.jpg 212w, https:\/\/blog.espe-bretagne.fr\/prodm1vannes\/wp-content\/uploads\/2016\/11\/affiche-podcast.jpg 628w\" sizes=\"auto, (max-width: 296px) 100vw, 296px\" \/><\/em><\/strong><\/h2>\n<p>&nbsp;<\/p>\n<p>&nbsp;<\/p>\n<h2><strong><em>Notre dernier Podcast ! (14 d\u00e9cembre 2016)<\/em><\/strong><\/h2>\n<audio class=\"wp-audio-shortcode\" id=\"audio-113-1\" preload=\"none\" style=\"width: 100%;\" controls=\"controls\"><source type=\"audio\/mpeg\" src=\"http:\/\/python.espe-bretagne.fr\/prodm1vannes\/wp-content\/uploads\/2016\/11\/podcast.mp3?_=1\" \/><a href=\"http:\/\/python.espe-bretagne.fr\/prodm1vannes\/wp-content\/uploads\/2016\/11\/podcast.mp3\">http:\/\/python.espe-bretagne.fr\/prodm1vannes\/wp-content\/uploads\/2016\/11\/podcast.mp3<\/a><\/audio>\n<p style=\"text-align: justify\"><strong><span style=\"color: #993300\">[MAJ] : Retrouvez dans le bac \u00e0 sable section 17, dans dossier principal, les applications possibles en classe et la mise en place technique du podcast audio!<\/span><\/strong><\/p>\n<p style=\"text-align: justify\">La baladodiffusion est un mode de diffusion sur l\u2019outil internet de fichiers audio ou vid\u00e9o qui sont t\u00e9l\u00e9charg\u00e9s\/ en streaming \u00e0 l\u2019aide de logiciels sp\u00e9cifiques afin d\u2019\u00eatre transf\u00e9r\u00e9s et lus sur un baladeur num\u00e9rique. Comment et pourquoi s&rsquo;en servir \u00e0 l&rsquo;\u00e9cole ?<\/p>\n<p style=\"text-align: justify\">I &#8211; La baladodiffusion, qu&rsquo;est ce que c&rsquo;est au juste ?<\/p>\n<p style=\"text-align: justify\">II &#8211; Un usage du podcasting en classe<\/p>\n<p style=\"text-align: justify\">III &#8211; Quelle place \u00e0 l&rsquo;\u00e9cole ? (ce que disent les IO, application selon les mati\u00e8res)<\/p>\n<p style=\"text-align: justify\"><!--more--><\/p>\n<p style=\"text-align: justify\"><img loading=\"lazy\" decoding=\"async\" class=\"size-medium wp-image-118 alignleft\" src=\"http:\/\/python.espe-bretagne.fr\/prodm1vannes\/wp-content\/uploads\/2016\/09\/sdp09_podcast-300x300.jpg\" alt=\"sdp09_podcast\" width=\"300\" height=\"300\" srcset=\"https:\/\/blog.espe-bretagne.fr\/prodm1vannes\/wp-content\/uploads\/2016\/09\/sdp09_podcast-300x300.jpg 300w, https:\/\/blog.espe-bretagne.fr\/prodm1vannes\/wp-content\/uploads\/2016\/09\/sdp09_podcast-150x150.jpg 150w, https:\/\/blog.espe-bretagne.fr\/prodm1vannes\/wp-content\/uploads\/2016\/09\/sdp09_podcast.jpg 344w\" sizes=\"auto, (max-width: 300px) 100vw, 300px\" \/><\/p>\n<p style=\"text-align: justify\"><em><strong>D\u00e9finition du podcast<\/strong><\/em><\/p>\n<p style=\"text-align: justify\">Le site <em>mosaique-info.fr, nous dit: \u00ab\u00a0Le terme <strong>Podcast <\/strong>(ou baladodiffusion) est n\u00e9 de la contraction des mots iPod (baladeur d\u00e9velopp\u00e9 par la soci\u00e9t\u00e9 Apple) et broadcast (qui signifie diffusion). Il d\u00e9signe des m\u00e9thodes r\u00e9centes de diffusion multim\u00e9dia par Internet. Les contenus multim\u00e9dia peuvent \u00eatre de type vid\u00e9o ou audio. Les fichiers diffus\u00e9s peuvent ensuite \u00eatre \u00e9cout\u00e9s ou visualis\u00e9s en diff\u00e9r\u00e9, gratuitement, sur un ordinateur ou un baladeur num\u00e9rique.\u00a0\u00bb<\/em><\/p>\n<p style=\"text-align: justify\">http:\/\/www.mosaique-info.fr\/glossaire-web-referencement-infographie-multimedia-informatique\/p-glossaire-informatique-et-multimedia\/464-podcast-definition.html<\/p>\n<hr \/>\n<p>&nbsp;<\/p>\n<p style=\"text-align: justify\"><strong>Les diff\u00e9rents types de podcasts<\/strong><\/p>\n<p style=\"text-align: justify\">Les podcasts audios<\/p>\n<p style=\"text-align: justify\">Voici un podcast au contenu EMC\u00a0 r\u00e9alis\u00e9 par l&rsquo;\u00e9cole <a title=\"onglet vers le site web de l \u00e9tablissement\" href=\"https:\/\/ent.enteduc.fr\/etabs\/0800944S\/Pages\/Accueil.aspx\" target=\"_blank\">Tilleuls Marchand et intitul\u00e9: \u00ab\u00a0D\u00e9bat \u00e9galit\u00e9 filles\/gar\u00e7ons\u00a0\u00bb<\/a><\/p>\n<p>http:\/\/bit.ly\/2oEsqRz<\/p>\n<p style=\"text-align: justify\">Les podcasts audios-vid\u00e9os<\/p>\n<p style=\"text-align: justify\">Voici un podcast au contenu journalistique, r\u00e9alis\u00e9 par l&rsquo;\u00e9cole primaire d&rsquo;Orthevielle, intitul\u00e9 \u00ab\u00a0La d\u00e9chetterie (n\u00b0129)\u00a0\u00bb qui a re\u00e7u le prix du public du 2\u00e8me Festival des JT scolaires.<\/p>\n<p style=\"text-align: justify\">http:\/\/ecole.orthevielle1.free.fr\/imagesJT10-11\/La%20dechetterie.mov<\/p>\n<hr \/>\n","protected":false},"excerpt":{"rendered":"<p>Venez nombreux au salon des TICE au gymnase de l&rsquo;Espe de Vannes! Vous pourrez venir nous voir le 28 avril au stand consacr\u00e9 au podcast. &nbsp; &nbsp; Notre dernier Podcast ! (14 d\u00e9cembre 2016) [MAJ] : Retrouvez dans le bac \u00e0 sable section 17, dans dossier principal, les applications possibles en classe et la mise [&hellip;]<\/p>\n","protected":false},"author":26,"featured_media":0,"comment_status":"open","ping_status":"open","sticky":false,"template":"","format":"gallery","meta":{"_jetpack_memberships_contains_paid_content":false,"footnotes":""},"categories":[21],"tags":[],"coauthors":[],"class_list":["post-113","post","type-post","status-publish","format-gallery","hentry","category-pratiques-numeriques","post_format-post-format-gallery"],"jetpack_featured_media_url":"","jetpack_sharing_enabled":true,"_links":{"self":[{"href":"https:\/\/blog.espe-bretagne.fr\/prodm1vannes\/wp-json\/wp\/v2\/posts\/113","targetHints":{"allow":["GET"]}}],"collection":[{"href":"https:\/\/blog.espe-bretagne.fr\/prodm1vannes\/wp-json\/wp\/v2\/posts"}],"about":[{"href":"https:\/\/blog.espe-bretagne.fr\/prodm1vannes\/wp-json\/wp\/v2\/types\/post"}],"author":[{"embeddable":true,"href":"https:\/\/blog.espe-bretagne.fr\/prodm1vannes\/wp-json\/wp\/v2\/users\/26"}],"replies":[{"embeddable":true,"href":"https:\/\/blog.espe-bretagne.fr\/prodm1vannes\/wp-json\/wp\/v2\/comments?post=113"}],"version-history":[{"count":20,"href":"https:\/\/blog.espe-bretagne.fr\/prodm1vannes\/wp-json\/wp\/v2\/posts\/113\/revisions"}],"predecessor-version":[{"id":817,"href":"https:\/\/blog.espe-bretagne.fr\/prodm1vannes\/wp-json\/wp\/v2\/posts\/113\/revisions\/817"}],"wp:attachment":[{"href":"https:\/\/blog.espe-bretagne.fr\/prodm1vannes\/wp-json\/wp\/v2\/media?parent=113"}],"wp:term":[{"taxonomy":"category","embeddable":true,"href":"https:\/\/blog.espe-bretagne.fr\/prodm1vannes\/wp-json\/wp\/v2\/categories?post=113"},{"taxonomy":"post_tag","embeddable":true,"href":"https:\/\/blog.espe-bretagne.fr\/prodm1vannes\/wp-json\/wp\/v2\/tags?post=113"},{"taxonomy":"author","embeddable":true,"href":"https:\/\/blog.espe-bretagne.fr\/prodm1vannes\/wp-json\/wp\/v2\/coauthors?post=113"}],"curies":[{"name":"wp","href":"https:\/\/api.w.org\/{rel}","templated":true}]}}