{"id":10855,"date":"2023-05-25T14:15:46","date_gmt":"2023-05-25T12:15:46","guid":{"rendered":"http:\/\/blog.espe-bretagne.fr\/prodm1vannes\/?p=10855"},"modified":"2023-05-25T16:23:54","modified_gmt":"2023-05-25T14:23:54","slug":"bref-a-lecole-on-a-le-droit-de-rever","status":"publish","type":"post","link":"https:\/\/blog.espe-bretagne.fr\/prodm1vannes\/bref-a-lecole-on-a-le-droit-de-rever\/","title":{"rendered":"Bref, \u00e0 l&rsquo;\u00e9cole, on a le droit de r\u00eaver&#8230;"},"content":{"rendered":"<p>Bref, les trois grands parcours, PEAC, parcours sant\u00e9 et parcours citoyen, ont pour vocation de d\u00e9velopper une culture artistique, un esprit critique et responsable, tant sur le plan personnel que collectif.<\/p>\n<p>Obligatoires est inscrits dans le projet global de formation de l\u2019\u00e9l\u00e8ve, ils sont \u00e0 eux trois un \u00e9l\u00e9ment fondamental \u00e0 sa r\u00e9ussite \u00e9ducative de citoyen en devenir.<\/p>\n<p>Bref, pour faire de nos \u00e9l\u00e8ves des citoyens avertis, nous avons imagin\u00e9 d\u2019int\u00e9grer ces parcours, en partenariat, avec la ligue de l\u2019enseignement, dans un projet d\u2019\u00e9cole, \u00e9co responsable !<\/p>\n<p>Bref, pour faire de nos \u00e9l\u00e8ves des citoyens averti, nous avons imagin\u00e9 d\u2019int\u00e9grer ses parcours, en partenariat avec la Ligue de l\u2019enseignement, dans un projet d\u2019\u00e9cole \u00e9co responsable !<\/p>\n<p>Car nous avons le droit de r\u00eaver dans un monde o\u00f9 tout est possible !\u2026<\/p>\n<div style=\"width: 640px;\" class=\"wp-video\"><video class=\"wp-video-shortcode\" id=\"video-10855-1\" width=\"640\" height=\"360\" preload=\"metadata\" controls=\"controls\"><source type=\"video\/mp4\" src=\"http:\/\/blog.espe-bretagne.fr\/prodm1vannes\/wp-content\/uploads\/2023\/05\/Bref-on-le-droit-de-rever-final.mp4?_=1\" \/><a href=\"http:\/\/blog.espe-bretagne.fr\/prodm1vannes\/wp-content\/uploads\/2023\/05\/Bref-on-le-droit-de-rever-final.mp4\">http:\/\/blog.espe-bretagne.fr\/prodm1vannes\/wp-content\/uploads\/2023\/05\/Bref-on-le-droit-de-rever-final.mp4<\/a><\/video><\/div>\n<p>Kerfriden Ingrid, Le Norcy Claude, Moura Emeline, Travers Ana\u00efs<\/p>\n","protected":false},"excerpt":{"rendered":"<p>Bref, les trois grands parcours, PEAC, parcours sant\u00e9 et parcours citoyen, ont pour vocation de d\u00e9velopper une culture artistique, un esprit critique et responsable, tant sur le plan personnel que collectif. Obligatoires est inscrits dans le projet global de formation de l\u2019\u00e9l\u00e8ve, ils sont \u00e0 eux trois un \u00e9l\u00e9ment fondamental \u00e0 sa r\u00e9ussite \u00e9ducative de [&hellip;]<\/p>\n","protected":false},"author":26,"featured_media":10860,"comment_status":"open","ping_status":"open","sticky":false,"template":"","format":"standard","meta":{"_jetpack_memberships_contains_paid_content":false,"footnotes":""},"categories":[118],"tags":[829],"coauthors":[63],"class_list":["post-10855","post","type-post","status-publish","format-standard","has-post-thumbnail","hentry","category-parcours-arts","tag-arts-sante-citoyennete-ecologie"],"jetpack_featured_media_url":"https:\/\/blog.espe-bretagne.fr\/prodm1vannes\/wp-content\/uploads\/2023\/05\/Image-.png","jetpack_sharing_enabled":true,"_links":{"self":[{"href":"https:\/\/blog.espe-bretagne.fr\/prodm1vannes\/wp-json\/wp\/v2\/posts\/10855","targetHints":{"allow":["GET"]}}],"collection":[{"href":"https:\/\/blog.espe-bretagne.fr\/prodm1vannes\/wp-json\/wp\/v2\/posts"}],"about":[{"href":"https:\/\/blog.espe-bretagne.fr\/prodm1vannes\/wp-json\/wp\/v2\/types\/post"}],"author":[{"embeddable":true,"href":"https:\/\/blog.espe-bretagne.fr\/prodm1vannes\/wp-json\/wp\/v2\/users\/26"}],"replies":[{"embeddable":true,"href":"https:\/\/blog.espe-bretagne.fr\/prodm1vannes\/wp-json\/wp\/v2\/comments?post=10855"}],"version-history":[{"count":4,"href":"https:\/\/blog.espe-bretagne.fr\/prodm1vannes\/wp-json\/wp\/v2\/posts\/10855\/revisions"}],"predecessor-version":[{"id":10867,"href":"https:\/\/blog.espe-bretagne.fr\/prodm1vannes\/wp-json\/wp\/v2\/posts\/10855\/revisions\/10867"}],"wp:featuredmedia":[{"embeddable":true,"href":"https:\/\/blog.espe-bretagne.fr\/prodm1vannes\/wp-json\/wp\/v2\/media\/10860"}],"wp:attachment":[{"href":"https:\/\/blog.espe-bretagne.fr\/prodm1vannes\/wp-json\/wp\/v2\/media?parent=10855"}],"wp:term":[{"taxonomy":"category","embeddable":true,"href":"https:\/\/blog.espe-bretagne.fr\/prodm1vannes\/wp-json\/wp\/v2\/categories?post=10855"},{"taxonomy":"post_tag","embeddable":true,"href":"https:\/\/blog.espe-bretagne.fr\/prodm1vannes\/wp-json\/wp\/v2\/tags?post=10855"},{"taxonomy":"author","embeddable":true,"href":"https:\/\/blog.espe-bretagne.fr\/prodm1vannes\/wp-json\/wp\/v2\/coauthors?post=10855"}],"curies":[{"name":"wp","href":"https:\/\/api.w.org\/{rel}","templated":true}]}}