{"id":10812,"date":"2023-05-24T15:44:56","date_gmt":"2023-05-24T13:44:56","guid":{"rendered":"http:\/\/blog.espe-bretagne.fr\/prodm1vannes\/?p=10812"},"modified":"2023-05-25T10:48:12","modified_gmt":"2023-05-25T08:48:12","slug":"web-radio-restez-connecte","status":"publish","type":"post","link":"https:\/\/blog.espe-bretagne.fr\/prodm1vannes\/web-radio-restez-connecte\/","title":{"rendered":"Web radio, restez connect\u00e9"},"content":{"rendered":"<div style=\"width: 640px;\" class=\"wp-video\"><video class=\"wp-video-shortcode\" id=\"video-10812-1\" width=\"640\" height=\"360\" preload=\"metadata\" controls=\"controls\"><source type=\"video\/mp4\" src=\"http:\/\/blog.espe-bretagne.fr\/prodm1vannes\/wp-content\/uploads\/2023\/05\/Projet-web-radio.mp4?_=1\" \/><a href=\"http:\/\/blog.espe-bretagne.fr\/prodm1vannes\/wp-content\/uploads\/2023\/05\/Projet-web-radio.mp4\">http:\/\/blog.espe-bretagne.fr\/prodm1vannes\/wp-content\/uploads\/2023\/05\/Projet-web-radio.mp4<\/a><\/video><\/div>\n<p>Le Bac Barrera Olivia, Lesgent Camille, Bouaziz Lilia, Hemery Fanny, Wolf Elisa<\/p>\n<p>&nbsp;<\/p>\n<p><span style=\"font-weight: 400\">Suite \u00e0 nos diff\u00e9rents stages, nous avons constat\u00e9 que le lien entre l\u2019\u00e9cole et les familles est plus que n\u00e9cessaire mais pas toujours acquis. Il doit \u00eatre construit par tous afin d\u2019\u00eatre solide et positif ce qui n\u2019est pas toujours le cas. De par notre projet de Web Radio, nous comptons resserrer ces liens que l\u2019on consid\u00e8re primordiaux pour le bien-\u00eatre et la r\u00e9ussite de l\u2019\u00e9l\u00e8ve. En effet, ce projet permettra aux parents de se sentir impliqu\u00e9s dans la vie de l\u2019\u00e9cole et dans le suivi de leur enfant \u00e0 la maison. Pour ce qui concerne les parents d\u2019origines \u00e9trang\u00e8res, les \u00e9l\u00e8ves pourront faire des \u00e9missions dans diff\u00e9rentes langues, sur diff\u00e9rentes cultures afin de briser la barri\u00e8re existante entre l\u2019\u00e9cole et ces familles. De plus, ce projet s&rsquo;ins\u00e8re parfaitement dans le projet acad\u00e9mique Bretagne Horizon 2025.\u00a0<\/span><\/p>\n<p>&nbsp;<\/p>\n","protected":false},"excerpt":{"rendered":"<p>Le Bac Barrera Olivia, Lesgent Camille, Bouaziz Lilia, Hemery Fanny, Wolf Elisa &nbsp; Suite \u00e0 nos diff\u00e9rents stages, nous avons constat\u00e9 que le lien entre l\u2019\u00e9cole et les familles est plus que n\u00e9cessaire mais pas toujours acquis. Il doit \u00eatre construit par tous afin d\u2019\u00eatre solide et positif ce qui n\u2019est pas toujours le cas. [&hellip;]<\/p>\n","protected":false},"author":26,"featured_media":0,"comment_status":"open","ping_status":"open","sticky":false,"template":"","format":"standard","meta":{"_jetpack_memberships_contains_paid_content":false,"footnotes":""},"categories":[1],"tags":[],"coauthors":[63],"class_list":["post-10812","post","type-post","status-publish","format-standard","hentry","category-non-classe"],"jetpack_featured_media_url":"","jetpack_sharing_enabled":true,"_links":{"self":[{"href":"https:\/\/blog.espe-bretagne.fr\/prodm1vannes\/wp-json\/wp\/v2\/posts\/10812","targetHints":{"allow":["GET"]}}],"collection":[{"href":"https:\/\/blog.espe-bretagne.fr\/prodm1vannes\/wp-json\/wp\/v2\/posts"}],"about":[{"href":"https:\/\/blog.espe-bretagne.fr\/prodm1vannes\/wp-json\/wp\/v2\/types\/post"}],"author":[{"embeddable":true,"href":"https:\/\/blog.espe-bretagne.fr\/prodm1vannes\/wp-json\/wp\/v2\/users\/26"}],"replies":[{"embeddable":true,"href":"https:\/\/blog.espe-bretagne.fr\/prodm1vannes\/wp-json\/wp\/v2\/comments?post=10812"}],"version-history":[{"count":2,"href":"https:\/\/blog.espe-bretagne.fr\/prodm1vannes\/wp-json\/wp\/v2\/posts\/10812\/revisions"}],"predecessor-version":[{"id":10845,"href":"https:\/\/blog.espe-bretagne.fr\/prodm1vannes\/wp-json\/wp\/v2\/posts\/10812\/revisions\/10845"}],"wp:attachment":[{"href":"https:\/\/blog.espe-bretagne.fr\/prodm1vannes\/wp-json\/wp\/v2\/media?parent=10812"}],"wp:term":[{"taxonomy":"category","embeddable":true,"href":"https:\/\/blog.espe-bretagne.fr\/prodm1vannes\/wp-json\/wp\/v2\/categories?post=10812"},{"taxonomy":"post_tag","embeddable":true,"href":"https:\/\/blog.espe-bretagne.fr\/prodm1vannes\/wp-json\/wp\/v2\/tags?post=10812"},{"taxonomy":"author","embeddable":true,"href":"https:\/\/blog.espe-bretagne.fr\/prodm1vannes\/wp-json\/wp\/v2\/coauthors?post=10812"}],"curies":[{"name":"wp","href":"https:\/\/api.w.org\/{rel}","templated":true}]}}