{"id":10794,"date":"2023-05-23T23:57:01","date_gmt":"2023-05-23T21:57:01","guid":{"rendered":"http:\/\/blog.espe-bretagne.fr\/prodm1vannes\/?p=10794"},"modified":"2023-05-24T00:02:12","modified_gmt":"2023-05-23T22:02:12","slug":"lecologie-au-service-du-lien-social","status":"publish","type":"post","link":"https:\/\/blog.espe-bretagne.fr\/prodm1vannes\/lecologie-au-service-du-lien-social\/","title":{"rendered":"L&rsquo;\u00e9cologie au service du lien social"},"content":{"rendered":"<p>Au sein de l&rsquo;Education, les enjeux environnementaux, l&rsquo;\u00e9galit\u00e9 homme-femme et les collaborations entre diff\u00e9rents acteurs sont des sujets primordiaux. L&rsquo;un des moyens efficaces pour sensibiliser les jeunes g\u00e9n\u00e9rations \u00e0 ces questions est d&rsquo;int\u00e9grer des projets potagers dans les \u00e9coles primaires.<\/p>\n<p>Le potentiel \u00e9ducatif des potagers \u00e0 l&rsquo;\u00e9cole est vaste. Les \u00e9l\u00e8ves peuvent acqu\u00e9rir des connaissances pratiques sur les processus biologiques, tels que la germination des graines. Ils apprennent \u00e9galement \u00e0 prendre soin des plantes en cultivant, arrosant et r\u00e9coltant les l\u00e9gumes. Cela les sensibilise \u00e0 l&rsquo;importance de la pr\u00e9servation de la nature et de la biodiversit\u00e9.<\/p>\n<p>De plus, ils ont le potentiel de promouvoir l&rsquo;\u00e9galit\u00e9 homme-femme en cr\u00e9ant un espace inclusif o\u00f9 les \u00e9l\u00e8ves de tous les genres peuvent participer activement. Il est essentiel de fournir des opportunit\u00e9s \u00e9quitables aux filles et aux gar\u00e7ons pour participer aux activit\u00e9s de jardinage. Cela permet de briser les st\u00e9r\u00e9otypes de genre associ\u00e9s aux r\u00f4les traditionnels. Il est aussi important que soit mis en avant l&rsquo;\u00e9galit\u00e9 homme-femme au travers des diff\u00e9rents m\u00e9tiers effectu\u00e9s par les partenaires de l&rsquo;\u00e9cole. Mais aussi par la participation des familles sans lien entre l&rsquo;activit\u00e9 propos\u00e9e et le genre qui lui est socialement attribu\u00e9.<\/p>\n<p>Egalement, les potagers \u00e9ducatifs sont des projets collaboratifs qui n\u00e9cessitent souvent l&rsquo;implication de partenaires externes. Les \u00e9coles peuvent \u00e9tablir des liens avec des organismes locaux de protection de l&rsquo;environnement, des agriculteurs locaux, des membres de la mairie, de la cantine&#8230; Ces partenariats offrent des opportunit\u00e9s d&rsquo;apprentissage enrichissantes, de partage de connaissances et de ressources, ainsi que de renforcement des liens entre l&rsquo;\u00e9cole et la communaut\u00e9 locale.<\/p>\n<p>Dans le souci de lier co-\u00e9ducation, d\u00e9construction des in\u00e9galit\u00e9s hommes\/femmes et \u00e9cologie, nous avons associ\u00e9 ces th\u00e9matiques\u00a0 en une seule et m\u00eame probl\u00e9matique : Comment d\u00e9construire les in\u00e9galit\u00e9s hommes\/femmes en sensibilisant les \u00e9l\u00e8ves \u00e0 l&rsquo;\u00e9cologie ? Afin de r\u00e9pondre \u00e0 cette question, nous avons choisi de mener un projet potager de sa cr\u00e9ation \u00e0 son exploitation \u00e0 travers tous les cycles et tous les aspects de l&rsquo;EDD.<\/p>\n<div style=\"width: 640px;\" class=\"wp-video\"><video class=\"wp-video-shortcode\" id=\"video-10794-1\" width=\"640\" height=\"1138\" preload=\"metadata\" controls=\"controls\"><source type=\"video\/mp4\" src=\"http:\/\/blog.espe-bretagne.fr\/prodm1vannes\/wp-content\/uploads\/2023\/05\/Video-potager-KAM_compressed.mp4?_=1\" \/><a href=\"http:\/\/blog.espe-bretagne.fr\/prodm1vannes\/wp-content\/uploads\/2023\/05\/Video-potager-KAM_compressed.mp4\">http:\/\/blog.espe-bretagne.fr\/prodm1vannes\/wp-content\/uploads\/2023\/05\/Video-potager-KAM_compressed.mp4<\/a><\/video><\/div>\n<p>CARADEC Arthur, GOLAS Katarzyna, GICQUEL Manon<\/p>\n","protected":false},"excerpt":{"rendered":"<p>Au sein de l&rsquo;Education, les enjeux environnementaux, l&rsquo;\u00e9galit\u00e9 homme-femme et les collaborations entre diff\u00e9rents acteurs sont des sujets primordiaux. L&rsquo;un des moyens efficaces pour sensibiliser les jeunes g\u00e9n\u00e9rations \u00e0 ces questions est d&rsquo;int\u00e9grer des projets potagers dans les \u00e9coles primaires. Le potentiel \u00e9ducatif des potagers \u00e0 l&rsquo;\u00e9cole est vaste. Les \u00e9l\u00e8ves peuvent acqu\u00e9rir des connaissances [&hellip;]<\/p>\n","protected":false},"author":26,"featured_media":10797,"comment_status":"open","ping_status":"open","sticky":false,"template":"","format":"standard","meta":{"_jetpack_memberships_contains_paid_content":false,"footnotes":""},"categories":[328,784,774],"tags":[815,813,812,817,818,816,335,713,811,698,820,819,821,734,597,703,767,814],"coauthors":[63],"class_list":["post-10794","post","type-post","status-publish","format-standard","has-post-thumbnail","hentry","category-citoyennete","category-coeducation","category-environnement","tag-cantine","tag-capsules-video","tag-co-education","tag-compostage","tag-conceptions-des-eleves","tag-cycle-de-leau","tag-ecole","tag-education-au-developpement-durable","tag-egalite-hommes-femmes","tag-environnement","tag-familles","tag-lutte-contre-les-stereotypes","tag-metiers","tag-parcours-sante","tag-partenariat","tag-pedagogie-de-projet","tag-potager","tag-produits-de-saison"],"jetpack_featured_media_url":"https:\/\/blog.espe-bretagne.fr\/prodm1vannes\/wp-content\/uploads\/2023\/05\/logo-projet-potager.png","jetpack_sharing_enabled":true,"_links":{"self":[{"href":"https:\/\/blog.espe-bretagne.fr\/prodm1vannes\/wp-json\/wp\/v2\/posts\/10794","targetHints":{"allow":["GET"]}}],"collection":[{"href":"https:\/\/blog.espe-bretagne.fr\/prodm1vannes\/wp-json\/wp\/v2\/posts"}],"about":[{"href":"https:\/\/blog.espe-bretagne.fr\/prodm1vannes\/wp-json\/wp\/v2\/types\/post"}],"author":[{"embeddable":true,"href":"https:\/\/blog.espe-bretagne.fr\/prodm1vannes\/wp-json\/wp\/v2\/users\/26"}],"replies":[{"embeddable":true,"href":"https:\/\/blog.espe-bretagne.fr\/prodm1vannes\/wp-json\/wp\/v2\/comments?post=10794"}],"version-history":[{"count":7,"href":"https:\/\/blog.espe-bretagne.fr\/prodm1vannes\/wp-json\/wp\/v2\/posts\/10794\/revisions"}],"predecessor-version":[{"id":10811,"href":"https:\/\/blog.espe-bretagne.fr\/prodm1vannes\/wp-json\/wp\/v2\/posts\/10794\/revisions\/10811"}],"wp:featuredmedia":[{"embeddable":true,"href":"https:\/\/blog.espe-bretagne.fr\/prodm1vannes\/wp-json\/wp\/v2\/media\/10797"}],"wp:attachment":[{"href":"https:\/\/blog.espe-bretagne.fr\/prodm1vannes\/wp-json\/wp\/v2\/media?parent=10794"}],"wp:term":[{"taxonomy":"category","embeddable":true,"href":"https:\/\/blog.espe-bretagne.fr\/prodm1vannes\/wp-json\/wp\/v2\/categories?post=10794"},{"taxonomy":"post_tag","embeddable":true,"href":"https:\/\/blog.espe-bretagne.fr\/prodm1vannes\/wp-json\/wp\/v2\/tags?post=10794"},{"taxonomy":"author","embeddable":true,"href":"https:\/\/blog.espe-bretagne.fr\/prodm1vannes\/wp-json\/wp\/v2\/coauthors?post=10794"}],"curies":[{"name":"wp","href":"https:\/\/api.w.org\/{rel}","templated":true}]}}