{"id":10770,"date":"2023-05-26T12:19:55","date_gmt":"2023-05-26T10:19:55","guid":{"rendered":"http:\/\/blog.espe-bretagne.fr\/prodm1vannes\/?p=10770"},"modified":"2023-05-26T12:19:55","modified_gmt":"2023-05-26T10:19:55","slug":"bien-manger-cest-la-sante","status":"publish","type":"post","link":"https:\/\/blog.espe-bretagne.fr\/prodm1vannes\/bien-manger-cest-la-sante\/","title":{"rendered":"Bien manger, c&rsquo;est la sant\u00e9 !"},"content":{"rendered":"<p class=\"docData;DOCY;v5;3682;BQiAAgAAEYQCAAAGiAIAAAPJDQAABdcNAAAAAAAAAAAAAAAAAAAAAAAAAAAAAAAAAAAAAAAAAAAAAAAAAAAAAAAAAAAAAAAAAAAAAAAAAAAAAAAAAAAAAAAAAAAAAAAAAAAAAAAAAAAAAAAAAAAAAAAAAAAAAAAAAAAAAAAAAAAAAAAAAAAAAAAAAAAAAAAAAAAAAAAAAAAAAAAAAAAAAAAAAAAAAAAAAAAAAAAAAAAAAAAAAAAAAAAAAAAAAAAAAAAAAAAAAAAAAAAAAAAAAAAAAAAAAAAAAAAAAAAAAAAAAAAAAAAAAAAAAAAAAAAAAAAAAAAAAAAAAAAAAAAAAAAAAAAAAAAAAAAAAAAAAAAAAAAAAAAAAAAAAAAAAAAAAAAAAAAAAAAAAAAAAAAAAAAAAAAAAAAAAAAAAAAAAAAAAAAAAAAAAAAAAAAAAAAAAAAAAAAAAAAAAAAAAAAAAAAAAAAAAAAAAAAAAAAAAAAAAAAAAAAAAAAAAAAAAAAAAAAAAAAAAAAAAAAAAAAAAAAAAAAAAAAAAAAAAAAAAAAAAAAAAAAAAAAAAAAAAAAAAAAAAAAAAAAAAAAAAAAAAAAAAAAAAAAAAAAAAAAAAAAAAAAAAAAAAAAAAAAAAAAAAAAAAAAAAAAAAAAAAAAAAAAAAAAAAAAAAAAAAAAAAAAAAAAAAAAAAAAAAAAAAAAAAAAAAAAAAAAAAAAAAAAAAAAAAAAAAAAAAAAAAAAAAAAAAAAAAAAAAAAAAAAAAAAAAAAAAAAAAAAAAAAAAAAAAAAAAAAAAAAAAAAAAAAAAAAAAAAAAAAAAAAAAAAAAAAAAAAAAAAAAAAAAAAAAAAAAAAAAAAAAAAAPQsAAAChBAAAAUIAAAABBgwAAAAkBAAAAAAmBAAAAAAFAQMJBgAAAAARBhIAAAASBgwAAAArAQcqBKYlAAAjAQQaBgMAAAAMAQAbBgAAAAACVQQAAAUyAAAAAQMAAAAMAQAIJQAAAAAgAAAATgBvAHUAcwAgAGEAdgBvAG4AcwAgAGMAZQBuAHQAcgAFrAEAAAEDAAAADAEACJ8BAAAAmgEAAOkAIABuAG8AdAByAGUAIABwAHIAbwBqAGUAdAAgAHMAdQByACAAbABlACAAdABoAOgAbQBlACAAZABlACAAbAAZIGEAbABpAG0AZQBuAHQAYQB0AGkAbwBuAC4AIABFAG4AIABlAGYAZgBlAHQALAAgAGMAZQAgAHMAdQBqAGUAdAAgAHAAZQB1AHQAIADqAHQAcgBlACAAYQBiAG8AcgBkAOkAIABkAOgAcwAgAGwAZQAgAHAAbAB1AHMAIABqAGUAdQBuAGUAIADiAGcAZQAgAGEAdQAgAHQAcgBhAHYAZQByAHMAIABkAHUAIABwAGEAcgBjAG8AdQByAHMAIADpAGQAdQBjAGEAdABpAGYAIABkAGUAIABzAGEAbgB0AOkALgAgAEkAbAAgAGUAcwB0ACAAZADpAGYAaQBuAGkAdAAgAHMAZQBsAG8AbgAgAGwAGSDJAGQAdQBjAGEAdABpAG8AbgAgAE4AYQB0AGkAbwBuAGEAbABlACwAIABjAG8AbQBtAGUAIADpAHQAYQBuAHQAIACrAKAABaAAAAABSwAAAAQGCgAAAEEAcgBpAGEAbAAFBgoAAABBAHIAaQBhAGwABwYKAAAAQQByAGkAYQBsAAYGCgAAAEEAcgBpAGEAbAAIBBUAAAAJAwAAAAhLAAAAAEYAAABpAG4AcwBjAHIAaQB0ACAAZABhAG4AcwAgAGwAZQAgAGMAbwBuAHQAaQBuAHUAdQBtACAA6QBkAHUAYwBhAHQAaQBmACwABYYBAAABSwAAAAQGCgAAAEEAcgBpAGEAbAAFBgoAAABBAHIAaQBhAGwABwYKAAAAQQByAGkAYQBsAAYGCgAAAEEAcgBpAGEAbAAIBBUAAAAJAwAAAAgxAQAAACwBAAAgAFsAaQBsAF0AoABwAHIA6QBwAGEAcgBlACAAbABlAHMAIADpAGwA6AB2AGUAcwAgAOAAIABwAHIAZQBuAGQAcgBlACAAcwBvAGkAbgAgAGQAGSBlAHUAeAAtAG0A6gBtAGUAcwAgAGUAdAAgAGQAZQBzACAAYQB1AHQAcgBlAHMALAAgAOAAIABkAGUAdgBlAG4AaQByACAAZABlAHMAIABjAGkAdABvAHkAZQBuAHMAIAByAGUAcwBwAG8AbgBzAGEAYgBsAGUAcwAgAGUAbgAgAG0AYQB0AGkA6AByAGUAIABkAGUAIABzAGEAbgB0AOkAIABpAG4AZABpAHYAaQBkAHUAZQBsAGwAZQAgAGUAdAAgAGMAbwBsAGwAZQBjAHQAaQB2AGUALgAFFAAAAAEDAAAADAEACAcAAAAAAgAAALsABQ0AAAABAwAAAAwBAAgAAAAABQ0AAAABAwAAAAwBAAgAAAAAABAEAAABQgAAAAEGDAAAACQEAAAAACYEAAAAAAUBAwkGAAAAABEGEgAAABIGDAAAACsBByoEpiUAACMBBBoGAwAAAAwBABsGAAAAAALEAwAABY4BAAABAwAAAAwBAAiBAQAAAHwBAABBAHUAIABzAGUAaQBuACAAZABlACAAYwBlACAAZABlAHIAbgBpAGUAcgAsACAAaQBsACAAZQBzAHQAIABpAG4AZABpAHEAdQDpACAAZABlACAAcQB1AGUAcwB0AGkAbwBuAG4AZQByACwAIABzAGUAbgBzAGkAYgBpAGwAaQBzAGUAcgAgAGUAdAAgAGEAYwBjAG8AbQBwAGEAZwBuAGUAcgAgAGwAZQBzACAA6QBsAOgAdgBlAHMAIABzAHUAcgAgAGMAZQAgAHEAdQAZIGUAcwB0ACAAdQBuAGUAIABhAGwAaQBtAGUAbgB0AGEAdABpAG8AbgAgAHMAYQBpAG4AZQAuACAAQQB1ACAAdAByAGEAdgBlAHIAcwAgAGQAZQAgAGwAYQAgAGYAbwBjAGEAbABlACAA6QBkAHUAYwBhAHQAaQBvAG4AIADgACAAbAAZIGEAbABpAG0AZQBuAHQAYQB0AGkAbwBuACAAZQB0ACAAYQB1ACAAZwBvAAXSAQAAAQMAAAAMAQAIxQEAAADAAQAA+wB0ACwAIABuAG8AdQBzACAAZgBlAHIAbwBuAHMAIABkAGUAIABsAGEAIABwAHIA6QB2AGUAbgB0AGkAbwBuACAAYQB1AHgAIABjAG8AbgBkAHUAaQB0AGUAcwAgAGEAZABkAGkAYwB0AGkAdgBlAHMALgAgAEMAZQBsAGEAIABuAOkAYwBlAHMAcwBpAHQAZQByAGEAIABsAGEAIABwAGEAcgB0AGkAYwBpAHAAYQB0AGkAbwBuACAAZABlACAAcABsAHUAcwBpAGUAdQByAHMAIABhAGMAdABlAHUAcgBzACAAKADpAGMAbwBsAGUALAAgAGYAYQBtAGkAbABsAGUAcwAsACAAYQBzAHMAbwBjAGkAYQB0AGkAbwBuAHMALAAgAHAAZQByAHMAbwBuAG4AZQBsAHMAIABzAG8AYwBpAGEAdQB4ACAAZQB0ACAAZABlACAAcwBhAG4AdADpACkAIABxAHUAaQAgAHQAcgBhAHYAYQBpAGwAbABlAHIAbwBuAHQAIABlAG4AIABjAG8A6QBkAHUAYwBhAHQAaQBvAG4AIABwAG8AdQByACAAbABlACAAYgBpAGUAbgAtAAU0AAAAAQMAAAAMAQAIJwAAAAAiAAAA6gB0AHIAZQAgAGQAZQAgAGwAGSBlAG4AZgBhAG4AdAAuAAUKAAAAAQAAAAAIAAAAAAUNAAAAAQMAAAAMAQAIAAAAAAAqAQAAAUIAAAABBgwAAAAkBAAAAAAmBAAAAAAFAQMJBgAAAAARBhIAAAASBgwAAAArAQcqBKYlAAAjAQQaBgMAAAAMAQAbBgAAAAAC3gAAAAW4AAAAAQMAAAAMAQAIqwAAAACmAAAAQwBvAG0AbQBlAG4AdAAgAGkAbgB0AOkAZwByAGUAcgAgAGMAZQBzACAAZABpAGYAZgDpAHIAZQBuAHQAcwAgAGEAYwB0AGUAdQByAHMAIAAgAGQAYQBuAHMAIAB1AG4AIABwAHIAbwBqAGUAdAAgAHMAYQBuAHQA6QAgAHMAdQByACAAbAAZIGEAbABpAG0AZQBuAHQAYQB0AGkAbwBuAKAAPwAgAAUKAAAAAQAAAAAIAAAAAAUNAAAAAQMAAAAMAQAIAAAAAAB\/AAAAAUIAAAABBgwAAAAkBAAAAAAmBAAAAAAFAQMJBgAAAAARBhIAAAASBgwAAAArAQcqBKYlAAAjAQQaBgMAAAAMAQAbBgAAAAACMwAAAAUNAAAAAQMAAAAMAQAIAAAAAAUKAAAAAQAAAAAIAAAAAAUNAAAAAQMAAAAMAQAIAAAAAADKAAAAAUIAAAABBgwAAAAkBAAAAAAmBAAAAAAFAQMJBgAAAAARBhIAAAASBgwAAAArAQcqBKYlAAAjAQQaBgMAAAAMAQAbBgAAAAACfgAAAAVYAAAAAU4AAAAEBgoAAABBAHIAaQBhAGwABQYKAAAAQQByAGkAYQBsAAcGCgAAAEEAcgBpAGEAbAAGBgoAAABBAHIAaQBhAGwACAQYAAAACQMyMjIMAQAIAAAAAAUKAAAAAQAAAAAIAAAAAAUNAAAAAQMAAAAMAQAIAAAAAAoAAAAAAAAAABEAAAAAhwAAAAAtAAAAAQYAAAAACQYbAAAAJwQUAQAACwEBHAEAKAQAAAAAHQEAKQTIAAAAGwYAAAAAAUsAAAAoAQcpAQcqAQcrAQUTAQEIBBYAAAAWBBYAAAAZBgoAAABmAHIALQBGAFIAGgYKAAAAYQByAC0AUwBBABsGCgAAAGUAbgAtAFUAUwACAAAAAA==\">Nous avons centr\u00e9 notre projet sur le th\u00e8me de l\u2019alimentation. En effet, ce sujet peut \u00eatre abord\u00e9 d\u00e8s le plus jeune \u00e2ge au travers du parcours \u00e9ducatif de sant\u00e9. Il est d\u00e9finit selon l\u2019\u00c9ducation Nationale, comme \u00e9tant \u00ab\u00a0inscrit dans le continuum \u00e9ducatif, [il]\u00a0pr\u00e9pare les \u00e9l\u00e8ves \u00e0 prendre soin d\u2019eux-m\u00eames et des autres, \u00e0 devenir des citoyens responsables en mati\u00e8re de sant\u00e9 individuelle et collective.\u00bb<\/p>\n<p>Au sein de ce dernier, il est indiqu\u00e9 de questionner, sensibiliser et accompagner les \u00e9l\u00e8ves sur ce qu\u2019est une alimentation saine. Au travers de la focale \u00e9ducation \u00e0 l\u2019alimentation et au go\u00fbt, nous ferons de la pr\u00e9vention aux conduites addictives. Cela n\u00e9cessitera la participation de plusieurs acteurs (\u00e9cole, familles, associations, personnels sociaux et de sant\u00e9) qui travailleront en co\u00e9ducation pour le bien-\u00eatre de l\u2019enfant.<\/p>\n<p>Comment int\u00e9grer ces diff\u00e9rents acteurs\u00a0 dans un projet sant\u00e9 sur l\u2019alimentation\u00a0?<\/p>\n<div style=\"width: 640px;\" class=\"wp-video\"><video class=\"wp-video-shortcode\" id=\"video-10770-1\" width=\"640\" height=\"465\" preload=\"metadata\" controls=\"controls\"><source type=\"video\/mp4\" src=\"http:\/\/blog.espe-bretagne.fr\/prodm1vannes\/wp-content\/uploads\/2023\/05\/Video-UE2.mp4?_=1\" \/><a href=\"http:\/\/blog.espe-bretagne.fr\/prodm1vannes\/wp-content\/uploads\/2023\/05\/Video-UE2.mp4\">http:\/\/blog.espe-bretagne.fr\/prodm1vannes\/wp-content\/uploads\/2023\/05\/Video-UE2.mp4<\/a><\/video><\/div>\n<p>&nbsp;<\/p>\n<p>Camille Cuvier, Floriane Croizer, Chlo\u00e9 Goyneau, Camille Pilon, L\u00e9a Prigent<\/p>\n","protected":false},"excerpt":{"rendered":"<p>Nous avons centr\u00e9 notre projet sur le th\u00e8me de l\u2019alimentation. En effet, ce sujet peut \u00eatre abord\u00e9 d\u00e8s le plus jeune \u00e2ge au travers du parcours \u00e9ducatif de sant\u00e9. Il est d\u00e9finit selon l\u2019\u00c9ducation Nationale, comme \u00e9tant \u00ab\u00a0inscrit dans le continuum \u00e9ducatif, [il]\u00a0pr\u00e9pare les \u00e9l\u00e8ves \u00e0 prendre soin d\u2019eux-m\u00eames et des autres, \u00e0 devenir des [&hellip;]<\/p>\n","protected":false},"author":26,"featured_media":10771,"comment_status":"open","ping_status":"open","sticky":false,"template":"","format":"standard","meta":{"_jetpack_memberships_contains_paid_content":false,"footnotes":""},"categories":[784,785],"tags":[],"coauthors":[63],"class_list":["post-10770","post","type-post","status-publish","format-standard","has-post-thumbnail","hentry","category-coeducation","category-sante"],"jetpack_featured_media_url":"https:\/\/blog.espe-bretagne.fr\/prodm1vannes\/wp-content\/uploads\/2023\/05\/Projet-UE2-image-.png","jetpack_sharing_enabled":true,"_links":{"self":[{"href":"https:\/\/blog.espe-bretagne.fr\/prodm1vannes\/wp-json\/wp\/v2\/posts\/10770","targetHints":{"allow":["GET"]}}],"collection":[{"href":"https:\/\/blog.espe-bretagne.fr\/prodm1vannes\/wp-json\/wp\/v2\/posts"}],"about":[{"href":"https:\/\/blog.espe-bretagne.fr\/prodm1vannes\/wp-json\/wp\/v2\/types\/post"}],"author":[{"embeddable":true,"href":"https:\/\/blog.espe-bretagne.fr\/prodm1vannes\/wp-json\/wp\/v2\/users\/26"}],"replies":[{"embeddable":true,"href":"https:\/\/blog.espe-bretagne.fr\/prodm1vannes\/wp-json\/wp\/v2\/comments?post=10770"}],"version-history":[{"count":2,"href":"https:\/\/blog.espe-bretagne.fr\/prodm1vannes\/wp-json\/wp\/v2\/posts\/10770\/revisions"}],"predecessor-version":[{"id":10901,"href":"https:\/\/blog.espe-bretagne.fr\/prodm1vannes\/wp-json\/wp\/v2\/posts\/10770\/revisions\/10901"}],"wp:featuredmedia":[{"embeddable":true,"href":"https:\/\/blog.espe-bretagne.fr\/prodm1vannes\/wp-json\/wp\/v2\/media\/10771"}],"wp:attachment":[{"href":"https:\/\/blog.espe-bretagne.fr\/prodm1vannes\/wp-json\/wp\/v2\/media?parent=10770"}],"wp:term":[{"taxonomy":"category","embeddable":true,"href":"https:\/\/blog.espe-bretagne.fr\/prodm1vannes\/wp-json\/wp\/v2\/categories?post=10770"},{"taxonomy":"post_tag","embeddable":true,"href":"https:\/\/blog.espe-bretagne.fr\/prodm1vannes\/wp-json\/wp\/v2\/tags?post=10770"},{"taxonomy":"author","embeddable":true,"href":"https:\/\/blog.espe-bretagne.fr\/prodm1vannes\/wp-json\/wp\/v2\/coauthors?post=10770"}],"curies":[{"name":"wp","href":"https:\/\/api.w.org\/{rel}","templated":true}]}}