{"id":10642,"date":"2023-05-22T13:39:01","date_gmt":"2023-05-22T11:39:01","guid":{"rendered":"http:\/\/blog.espe-bretagne.fr\/prodm1vannes\/?p=10642"},"modified":"2023-05-24T15:41:22","modified_gmt":"2023-05-24T13:41:22","slug":"nos-petits-artistes-ecoresponsables","status":"publish","type":"post","link":"https:\/\/blog.espe-bretagne.fr\/prodm1vannes\/nos-petits-artistes-ecoresponsables\/","title":{"rendered":"Nos petits artistes \u00e9coresponsables"},"content":{"rendered":"<p><span style=\"font-weight: 400;\">Bonjour,\u00a0<\/span><\/p>\n<p><span style=\"font-weight: 400;\">Ce projet cible l\u2019ensemble des \u00e9l\u00e8ves du cycle 1 au cycle 3. Il a pour but de m\u00ealer expression artistique et sensibilisation \u00e0 l\u2019\u00e9cologie.\u00a0<\/span><\/p>\n<p><span style=\"font-weight: 400;\">Afin de donner les armes n\u00e9cessaires \u00e0 nos enfants face aux changements climatiques, il est primordial d\u2019\u00e9duquer\u00a0 la jeunesse \u00e0 l\u2019\u00e9cologie. L\u2019art est un bon support ludique, qui permet d\u2019aborder le sujet d\u2019une mani\u00e8re diff\u00e9rente de d\u2019habitude (notamment avec les sciences ou la g\u00e9ographie).<\/span><\/p>\n<p><span style=\"font-weight: 400;\">L\u2019objectif final est de cr\u00e9er une exposition avec des \u0153uvres d\u2019art fabriqu\u00e9es par les \u00e9l\u00e8ves \u00e0 partir de mat\u00e9riaux recycl\u00e9s. Cette exposition se fera en physique si possible, sinon elle se fera num\u00e9riquement.\u00a0<\/span><img loading=\"lazy\" decoding=\"async\" class=\"alignnone size-medium wp-image-10656\" src=\"http:\/\/blog.espe-bretagne.fr\/prodm1vannes\/wp-content\/uploads\/2023\/05\/BATEAU-SOUS-LEAU-300x130.jpeg\" alt=\"\" width=\"300\" height=\"130\" srcset=\"https:\/\/blog.espe-bretagne.fr\/prodm1vannes\/wp-content\/uploads\/2023\/05\/BATEAU-SOUS-LEAU-300x130.jpeg 300w, https:\/\/blog.espe-bretagne.fr\/prodm1vannes\/wp-content\/uploads\/2023\/05\/BATEAU-SOUS-LEAU-768x333.jpeg 768w, https:\/\/blog.espe-bretagne.fr\/prodm1vannes\/wp-content\/uploads\/2023\/05\/BATEAU-SOUS-LEAU.jpeg 800w\" sizes=\"auto, (max-width: 300px) 100vw, 300px\" \/><\/p>\n<div style=\"width: 640px;\" class=\"wp-video\"><video class=\"wp-video-shortcode\" id=\"video-10642-1\" width=\"640\" height=\"362\" preload=\"metadata\" controls=\"controls\"><source type=\"video\/mp4\" src=\"http:\/\/blog.espe-bretagne.fr\/prodm1vannes\/wp-content\/uploads\/2023\/05\/petits-artistes-ecoresponsables.mp4?_=1\" \/><a href=\"http:\/\/blog.espe-bretagne.fr\/prodm1vannes\/wp-content\/uploads\/2023\/05\/petits-artistes-ecoresponsables.mp4\">http:\/\/blog.espe-bretagne.fr\/prodm1vannes\/wp-content\/uploads\/2023\/05\/petits-artistes-ecoresponsables.mp4<\/a><\/video><\/div>\n<p>Marine Le Gall, Morgane Pavis, Louna Hiou, Mathias Le Gouic, Manon Lacire<\/p>\n","protected":false},"excerpt":{"rendered":"<p>Bonjour,\u00a0 Ce projet cible l\u2019ensemble des \u00e9l\u00e8ves du cycle 1 au cycle 3. Il a pour but de m\u00ealer expression artistique et sensibilisation \u00e0 l\u2019\u00e9cologie.\u00a0 Afin de donner les armes n\u00e9cessaires \u00e0 nos enfants face aux changements climatiques, il est primordial d\u2019\u00e9duquer\u00a0 la jeunesse \u00e0 l\u2019\u00e9cologie. L\u2019art est un bon support ludique, qui permet d\u2019aborder [&hellip;]<\/p>\n","protected":false},"author":26,"featured_media":10653,"comment_status":"open","ping_status":"open","sticky":false,"template":"","format":"standard","meta":{"_jetpack_memberships_contains_paid_content":false,"footnotes":""},"categories":[328,774],"tags":[],"coauthors":[63],"class_list":["post-10642","post","type-post","status-publish","format-standard","has-post-thumbnail","hentry","category-citoyennete","category-environnement"],"jetpack_featured_media_url":"https:\/\/blog.espe-bretagne.fr\/prodm1vannes\/wp-content\/uploads\/2023\/05\/PIEUVRE.jpeg","jetpack_sharing_enabled":true,"_links":{"self":[{"href":"https:\/\/blog.espe-bretagne.fr\/prodm1vannes\/wp-json\/wp\/v2\/posts\/10642","targetHints":{"allow":["GET"]}}],"collection":[{"href":"https:\/\/blog.espe-bretagne.fr\/prodm1vannes\/wp-json\/wp\/v2\/posts"}],"about":[{"href":"https:\/\/blog.espe-bretagne.fr\/prodm1vannes\/wp-json\/wp\/v2\/types\/post"}],"author":[{"embeddable":true,"href":"https:\/\/blog.espe-bretagne.fr\/prodm1vannes\/wp-json\/wp\/v2\/users\/26"}],"replies":[{"embeddable":true,"href":"https:\/\/blog.espe-bretagne.fr\/prodm1vannes\/wp-json\/wp\/v2\/comments?post=10642"}],"version-history":[{"count":4,"href":"https:\/\/blog.espe-bretagne.fr\/prodm1vannes\/wp-json\/wp\/v2\/posts\/10642\/revisions"}],"predecessor-version":[{"id":10813,"href":"https:\/\/blog.espe-bretagne.fr\/prodm1vannes\/wp-json\/wp\/v2\/posts\/10642\/revisions\/10813"}],"wp:featuredmedia":[{"embeddable":true,"href":"https:\/\/blog.espe-bretagne.fr\/prodm1vannes\/wp-json\/wp\/v2\/media\/10653"}],"wp:attachment":[{"href":"https:\/\/blog.espe-bretagne.fr\/prodm1vannes\/wp-json\/wp\/v2\/media?parent=10642"}],"wp:term":[{"taxonomy":"category","embeddable":true,"href":"https:\/\/blog.espe-bretagne.fr\/prodm1vannes\/wp-json\/wp\/v2\/categories?post=10642"},{"taxonomy":"post_tag","embeddable":true,"href":"https:\/\/blog.espe-bretagne.fr\/prodm1vannes\/wp-json\/wp\/v2\/tags?post=10642"},{"taxonomy":"author","embeddable":true,"href":"https:\/\/blog.espe-bretagne.fr\/prodm1vannes\/wp-json\/wp\/v2\/coauthors?post=10642"}],"curies":[{"name":"wp","href":"https:\/\/api.w.org\/{rel}","templated":true}]}}