{"id":10172,"date":"2022-05-05T10:08:25","date_gmt":"2022-05-05T08:08:25","guid":{"rendered":"http:\/\/blog.espe-bretagne.fr\/prodm1vannes\/?p=10172"},"modified":"2022-05-25T12:36:36","modified_gmt":"2022-05-25T10:36:36","slug":"le-monde-de-nos-reves","status":"publish","type":"post","link":"https:\/\/blog.espe-bretagne.fr\/prodm1vannes\/le-monde-de-nos-reves\/","title":{"rendered":"Le Monde de nos R\u00eaves"},"content":{"rendered":"<p style=\"text-align: center;\"><span style=\"color: #000000;\"><span style=\"font-family: Georgia, serif;\"><span style=\"font-size: large;\"><span style=\"color: #809bae;\"><span style=\"font-family: Times New Roman, serif;\"><i>\u00ab\u00a0Fais de la vie un r\u00eave, et d\u2019un r\u00eave, une r\u00e9alit\u00e9\u00a0\u00bb<\/i><\/span><\/span>\u00a0<span style=\"color: #809bae;\"><span style=\"font-family: Times New Roman, serif;\">Antoine de Saint-Exup\u00e9ry<\/span><\/span><\/span><\/span><\/span><\/p>\n<div style=\"width: 640px;\" class=\"wp-video\"><video class=\"wp-video-shortcode\" id=\"video-10172-1\" width=\"640\" height=\"360\" preload=\"metadata\" controls=\"controls\"><source type=\"video\/mp4\" src=\"http:\/\/blog.espe-bretagne.fr\/prodm1vannes\/wp-content\/uploads\/2022\/05\/Le-Monde-de-nos-Reves.mp4?_=1\" \/><a href=\"http:\/\/blog.espe-bretagne.fr\/prodm1vannes\/wp-content\/uploads\/2022\/05\/Le-Monde-de-nos-Reves.mp4\">http:\/\/blog.espe-bretagne.fr\/prodm1vannes\/wp-content\/uploads\/2022\/05\/Le-Monde-de-nos-Reves.mp4<\/a><\/video><\/div>\n<p>Projet interdisciplinaire et adapt\u00e9 aux trois cycles d\u2019apprentissage, le Monde de mes R\u00eaves lib\u00e8rera la parole des \u00e9l\u00e8ves tout en leur permettant de d\u00e9velopper leur cr\u00e9ativit\u00e9, leur imagination, des comp\u00e9tences psycho-sociales et de s\u2019ouvrir au monde qui les entoure mais pas que !<\/p>\n<h4>Histoire du projet<\/h4>\n<p>Ce projet est le fruit d\u2019une mutualisation des diff\u00e9rentes exp\u00e9riences de stages v\u00e9cues entre quatre \u00e9tudiants faisant le m\u00eame constat : la parole, l&rsquo;imagination et la cr\u00e9ativit\u00e9 des \u00e9l\u00e8ves n\u2019est pas assez prise en compte au c\u0153ur de l\u2019\u00e9cole. De ce fait, le projet \u00ab Le Monde de mes R\u00eaves \u00bb a \u00e9merg\u00e9 avec pour objectif de r\u00e9pondre \u00e0 ces probl\u00e9matiques fondamentales.<\/p>\n<h4>Description du projet<\/h4>\n<p align=\"left\">Ce projet est riche car il cible plusieurs parcours tels que le Parcours Citoyen, \u00c9ducation Artistique et Culturelle ou encore Avenir. Il permet de d\u00e9velopper de multiples comp\u00e9tences psycho-sociales et de s\u2019ouvrir au monde, lib\u00e9rer la parole des \u00e9l\u00e8ves, d\u00e9velopper un esprit critique, leur cr\u00e9ativit\u00e9 et leur imaginaire. Le projet s\u2019inscrit dans une dynamique transversale et peut constituer le fil rouge d\u2019une ann\u00e9e scolaire dans tous les niveaux de classe. En effet, diff\u00e9rentes t\u00e2ches peuvent \u00eatre effectu\u00e9es en Fran\u00e7ais, Sciences, Num\u00e9rique et Technologie, E.M.C., Histoire-G\u00e9ographie et Arts Plastiques.<\/p>\n<h4>R\u00e9alisation du projet<\/h4>\n<p>La production finale du projet \u00ab Le Monde de mes R\u00eaves \u00bb consistera \u00e0 cr\u00e9er par groupe une maquette 3D du monde r\u00eav\u00e9 des \u00e9l\u00e8ves. Pr\u00e9sent\u00e9e en fin d\u2019ann\u00e9e lors d\u2019une exposition d\u2019\u00e9cole aux parents et autres \u00e9l\u00e8ves de l\u2019\u00e9cole, cette maquette 3D sera travaill\u00e9e en Technologie et en Arts Plastiques. Par ailleurs, elle sera enrichie par d\u2019autres t\u00e2ches travaill\u00e9es dans diverses disciplines. Par exemple, en Fran\u00e7ais, une production d\u2019\u00e9crit (po\u00e9sie, r\u00e9cits, etc.) permettra d\u2019inscrire la maquette au c\u0153ur d\u2019une histoire. En \u00c9ducation, Morale et Civique, des d\u00e9bats philosophiques sur le monde seront engag\u00e9s. En G\u00e9ographie, le th\u00e8me \u00ab Mieux habiter \u00bb sera en lien direct avec le projet, amenant les \u00e9l\u00e8ves \u00e0 r\u00e9fl\u00e9chir sur les habitats du monde ou encore les moyens de d\u00e9placements. Enfin, le projet aura une entr\u00e9e num\u00e9rique car le projet sera film\u00e9 tout au long de l\u2019ann\u00e9e et pr\u00e9sent\u00e9 lors de l\u2019exposition.<\/p>\n<h4>Ressource utile<\/h4>\n<p>Lien direct vers notre Padlet : <a href=\"https:\/\/padlet.com\/amandinerelo1\/wv6ski4drnttyx0x\">https:\/\/padlet.com\/amandinerelo1\/wv6ski4drnttyx0x<\/a><\/p>\n<p>&nbsp;<\/p>\n<p>Cl\u00e9ment Bodineau, Jules Hales Jensen, Ludivine Piriot et Amandine Relo.<\/p>\n","protected":false},"excerpt":{"rendered":"<p>\u00ab\u00a0Fais de la vie un r\u00eave, et d\u2019un r\u00eave, une r\u00e9alit\u00e9\u00a0\u00bb\u00a0Antoine de Saint-Exup\u00e9ry Projet interdisciplinaire et adapt\u00e9 aux trois cycles d\u2019apprentissage, le Monde de mes R\u00eaves lib\u00e8rera la parole des \u00e9l\u00e8ves tout en leur permettant de d\u00e9velopper leur cr\u00e9ativit\u00e9, leur imagination, des comp\u00e9tences psycho-sociales et de s\u2019ouvrir au monde qui les entoure mais pas que [&hellip;]<\/p>\n","protected":false},"author":26,"featured_media":10201,"comment_status":"open","ping_status":"open","sticky":false,"template":"","format":"standard","meta":{"_jetpack_memberships_contains_paid_content":false,"footnotes":""},"categories":[328,118,517,231,243],"tags":[677,86,58,121,707,706,516,704,105,714,680,703,705],"coauthors":[63],"class_list":["post-10172","post","type-post","status-publish","format-standard","has-post-thumbnail","hentry","category-citoyennete","category-parcours-arts","category-pedagogie","category-sciences","category-transversal","tag-creativite","tag-cycle-1","tag-cycle-2","tag-cycle-3","tag-expression-libre","tag-interdisciplinarite","tag-maquette","tag-monde","tag-numerique","tag-parcours-citoyen","tag-peac","tag-pedagogie-de-projet","tag-reves"],"jetpack_featured_media_url":"https:\/\/blog.espe-bretagne.fr\/prodm1vannes\/wp-content\/uploads\/2022\/05\/fantasy-4040384_960_720-2-e1653474794369.jpg","jetpack_sharing_enabled":true,"_links":{"self":[{"href":"https:\/\/blog.espe-bretagne.fr\/prodm1vannes\/wp-json\/wp\/v2\/posts\/10172","targetHints":{"allow":["GET"]}}],"collection":[{"href":"https:\/\/blog.espe-bretagne.fr\/prodm1vannes\/wp-json\/wp\/v2\/posts"}],"about":[{"href":"https:\/\/blog.espe-bretagne.fr\/prodm1vannes\/wp-json\/wp\/v2\/types\/post"}],"author":[{"embeddable":true,"href":"https:\/\/blog.espe-bretagne.fr\/prodm1vannes\/wp-json\/wp\/v2\/users\/26"}],"replies":[{"embeddable":true,"href":"https:\/\/blog.espe-bretagne.fr\/prodm1vannes\/wp-json\/wp\/v2\/comments?post=10172"}],"version-history":[{"count":59,"href":"https:\/\/blog.espe-bretagne.fr\/prodm1vannes\/wp-json\/wp\/v2\/posts\/10172\/revisions"}],"predecessor-version":[{"id":10583,"href":"https:\/\/blog.espe-bretagne.fr\/prodm1vannes\/wp-json\/wp\/v2\/posts\/10172\/revisions\/10583"}],"wp:featuredmedia":[{"embeddable":true,"href":"https:\/\/blog.espe-bretagne.fr\/prodm1vannes\/wp-json\/wp\/v2\/media\/10201"}],"wp:attachment":[{"href":"https:\/\/blog.espe-bretagne.fr\/prodm1vannes\/wp-json\/wp\/v2\/media?parent=10172"}],"wp:term":[{"taxonomy":"category","embeddable":true,"href":"https:\/\/blog.espe-bretagne.fr\/prodm1vannes\/wp-json\/wp\/v2\/categories?post=10172"},{"taxonomy":"post_tag","embeddable":true,"href":"https:\/\/blog.espe-bretagne.fr\/prodm1vannes\/wp-json\/wp\/v2\/tags?post=10172"},{"taxonomy":"author","embeddable":true,"href":"https:\/\/blog.espe-bretagne.fr\/prodm1vannes\/wp-json\/wp\/v2\/coauthors?post=10172"}],"curies":[{"name":"wp","href":"https:\/\/api.w.org\/{rel}","templated":true}]}}