{"id":10147,"date":"2022-05-19T09:38:07","date_gmt":"2022-05-19T07:38:07","guid":{"rendered":"http:\/\/blog.espe-bretagne.fr\/prodm1vannes\/?p=10147"},"modified":"2022-05-19T09:38:07","modified_gmt":"2022-05-19T07:38:07","slug":"one-two-tri-vive-lecologie","status":"publish","type":"post","link":"https:\/\/blog.espe-bretagne.fr\/prodm1vannes\/one-two-tri-vive-lecologie\/","title":{"rendered":"One Two Tri, vive l&rsquo;\u00e9cologie !"},"content":{"rendered":"<div style=\"width: 640px;\" class=\"wp-video\"><video class=\"wp-video-shortcode\" id=\"video-10147-1\" width=\"640\" height=\"360\" preload=\"metadata\" controls=\"controls\"><source type=\"video\/mp4\" src=\"http:\/\/blog.espe-bretagne.fr\/prodm1vannes\/wp-content\/uploads\/2022\/05\/One_Two_Tri__vive_lecologie_.mp4?_=1\" \/><a href=\"http:\/\/blog.espe-bretagne.fr\/prodm1vannes\/wp-content\/uploads\/2022\/05\/One_Two_Tri__vive_lecologie_.mp4\">http:\/\/blog.espe-bretagne.fr\/prodm1vannes\/wp-content\/uploads\/2022\/05\/One_Two_Tri__vive_lecologie_.mp4<\/a><\/video><\/div>\n<p style=\"text-align: left\">L&rsquo;\u00e9cologie et le d\u00e9veloppement durable sont au c\u0153ur des pr\u00e9occupations actuelles. Ainsi, il nous semble primordial d&rsquo;aborder ce sujet d\u00e8s le plus jeune \u00e2ge afin de faire prendre conscience aux \u00e9l\u00e8ves que cette cause sera une des plus importantes \u00e0 l&rsquo;avenir. Pour ce faire, nous avons pr\u00e9vu un projet interdisciplinaire afin de sensibiliser les \u00e9l\u00e8ves \u00e0 l&rsquo;\u00e9ducation au d\u00e9veloppement durable. Nous \u00e9tudierons \u00e0 travers ce projet, le tri des d\u00e9chets et le recyclage gr\u00e2ce \u00e0 des activit\u00e9s des domaines scientifiques, artistique et de l&rsquo;enseignement moral et civique. Cette sensibilisation se d\u00e9roule en classe mais \u00e9galement au sein des temps p\u00e9riscolaires. Des intervenants ext\u00e9rieurs seront en collaboration avec ce projet comme une association de r\u00e9colte de bouchons plastiques \u00ab\u00a0Un bouchon un sourire\u00a0\u00bb. La visite d&rsquo;un centre de tri des d\u00e9chets permettra \u00e9galement aux \u00e9l\u00e8ves d&rsquo;avoir des connaissances sur ce sujet.<\/p>\n<p>Ce projet fait se rencontrer le parcours citoyen avec le d\u00e9veloppement durable et sa conscientisation sur la plan\u00e8te et le PEAC avec les activit\u00e9s artistiques autour du tri des d\u00e9chets ainsi que le parcours sant\u00e9 o\u00f9 le tri des d\u00e9chets pourra servir \u00e0 la mise en place de compost pour le futur potager o\u00f9 les \u00e9l\u00e8ves seront sensibilis\u00e9s \u00e0 l&rsquo;alimentation \u00e9quilibr\u00e9e.<\/p>\n<p style=\"text-align: right\">Elo\u00efse Berthou, Manon Le Dr\u00e9zen, Kelly Le Gallo, Claire Le Huitou et No\u00e9mie Paulo<\/p>\n","protected":false},"excerpt":{"rendered":"<p>L&rsquo;\u00e9cologie et le d\u00e9veloppement durable sont au c\u0153ur des pr\u00e9occupations actuelles. Ainsi, il nous semble primordial d&rsquo;aborder ce sujet d\u00e8s le plus jeune \u00e2ge afin de faire prendre conscience aux \u00e9l\u00e8ves que cette cause sera une des plus importantes \u00e0 l&rsquo;avenir. Pour ce faire, nous avons pr\u00e9vu un projet interdisciplinaire afin de sensibiliser les \u00e9l\u00e8ves [&hellip;]<\/p>\n","protected":false},"author":26,"featured_media":10311,"comment_status":"open","ping_status":"open","sticky":false,"template":"","format":"standard","meta":{"_jetpack_memberships_contains_paid_content":false,"footnotes":""},"categories":[328,231],"tags":[579,702],"coauthors":[63],"class_list":["post-10147","post","type-post","status-publish","format-standard","has-post-thumbnail","hentry","category-citoyennete","category-sciences","tag-developpement-durable","tag-recyclage"],"jetpack_featured_media_url":"https:\/\/blog.espe-bretagne.fr\/prodm1vannes\/wp-content\/uploads\/2022\/05\/Screenshot_20220517-180641_Chrome.jpg","jetpack_sharing_enabled":true,"_links":{"self":[{"href":"https:\/\/blog.espe-bretagne.fr\/prodm1vannes\/wp-json\/wp\/v2\/posts\/10147","targetHints":{"allow":["GET"]}}],"collection":[{"href":"https:\/\/blog.espe-bretagne.fr\/prodm1vannes\/wp-json\/wp\/v2\/posts"}],"about":[{"href":"https:\/\/blog.espe-bretagne.fr\/prodm1vannes\/wp-json\/wp\/v2\/types\/post"}],"author":[{"embeddable":true,"href":"https:\/\/blog.espe-bretagne.fr\/prodm1vannes\/wp-json\/wp\/v2\/users\/26"}],"replies":[{"embeddable":true,"href":"https:\/\/blog.espe-bretagne.fr\/prodm1vannes\/wp-json\/wp\/v2\/comments?post=10147"}],"version-history":[{"count":10,"href":"https:\/\/blog.espe-bretagne.fr\/prodm1vannes\/wp-json\/wp\/v2\/posts\/10147\/revisions"}],"predecessor-version":[{"id":10399,"href":"https:\/\/blog.espe-bretagne.fr\/prodm1vannes\/wp-json\/wp\/v2\/posts\/10147\/revisions\/10399"}],"wp:featuredmedia":[{"embeddable":true,"href":"https:\/\/blog.espe-bretagne.fr\/prodm1vannes\/wp-json\/wp\/v2\/media\/10311"}],"wp:attachment":[{"href":"https:\/\/blog.espe-bretagne.fr\/prodm1vannes\/wp-json\/wp\/v2\/media?parent=10147"}],"wp:term":[{"taxonomy":"category","embeddable":true,"href":"https:\/\/blog.espe-bretagne.fr\/prodm1vannes\/wp-json\/wp\/v2\/categories?post=10147"},{"taxonomy":"post_tag","embeddable":true,"href":"https:\/\/blog.espe-bretagne.fr\/prodm1vannes\/wp-json\/wp\/v2\/tags?post=10147"},{"taxonomy":"author","embeddable":true,"href":"https:\/\/blog.espe-bretagne.fr\/prodm1vannes\/wp-json\/wp\/v2\/coauthors?post=10147"}],"curies":[{"name":"wp","href":"https:\/\/api.w.org\/{rel}","templated":true}]}}