{"id":2873,"date":"2018-09-26T17:19:38","date_gmt":"2018-09-26T15:19:38","guid":{"rendered":"http:\/\/blog.espe-bretagne.fr\/prodm1vannes\/?p=2873"},"modified":"2018-10-03T19:01:38","modified_gmt":"2018-10-03T17:01:38","slug":"le-renard","status":"publish","type":"post","link":"http:\/\/blog.espe-bretagne.fr\/prodm1vannes\/le-renard\/","title":{"rendered":"Le renard"},"content":{"rendered":"<h1><img decoding=\"async\" src=\"https:\/\/upload.wikimedia.org\/wikipedia\/commons\/thumb\/4\/41\/Lo_sbadiglio.jpg\/800px-Lo_sbadiglio.jpg\" alt=\"Lo sbadiglio.jpg\" \/><\/h1>\n<p>source: wikip\u00e9dia<\/p>\n<h1><span style=\"color: #ff9900\"><strong>Qui est le renard?<\/strong><\/span><\/h1>\n<p>Le renard est un <strong>mammif\u00e8re. <\/strong>Il appartient \u00e0 la famille des <strong>canid\u00e9s<\/strong>, une famille de carnivores, comme le loup, le chien, le chacal et le renard.<\/p>\n<p>La famille des renards regroupe diverses esp\u00e8ces. La plus connue de ces esp\u00e8ces, et la seule pr\u00e9sente en France, est le <strong>renard roux<\/strong>. Son nom scientifique est <em><strong>Vulpes Vulpes<\/strong><\/em>.<\/p>\n<figure id=\"attachment_2898\" aria-describedby=\"caption-attachment-2898\" style=\"width: 200px\" class=\"wp-caption aligncenter\"><img loading=\"lazy\" decoding=\"async\" class=\"size-medium wp-image-2898\" src=\"http:\/\/blog.espe-bretagne.fr\/prodm1vannes\/wp-content\/uploads\/2018\/09\/Renard-roux-200x300.jpg\" alt=\"\" width=\"200\" height=\"300\" srcset=\"http:\/\/blog.espe-bretagne.fr\/prodm1vannes\/wp-content\/uploads\/2018\/09\/Renard-roux-200x300.jpg 200w, http:\/\/blog.espe-bretagne.fr\/prodm1vannes\/wp-content\/uploads\/2018\/09\/Renard-roux.jpg 681w\" sizes=\"auto, (max-width: 200px) 100vw, 200px\" \/><figcaption id=\"caption-attachment-2898\" class=\"wp-caption-text\"><em>Renard roux<\/em><br \/><em>Source: Wikip\u00e9dia<\/em><\/figcaption><\/figure>\n<p>On pourrait aussi citer le <em>Vulpes lagopus<\/em>, ou le <em>Vulpes zerda<\/em>, mieux connus sous les noms de&#8230; <strong>Renard polaire<\/strong>, et <strong>Fennec<\/strong>!<\/p>\n<figure id=\"attachment_2905\" aria-describedby=\"caption-attachment-2905\" style=\"width: 212px\" class=\"wp-caption aligncenter\"><img loading=\"lazy\" decoding=\"async\" class=\"wp-image-2905 aligncenter\" src=\"http:\/\/blog.espe-bretagne.fr\/prodm1vannes\/wp-content\/uploads\/2018\/09\/renard-polaire-300x225.jpg\" alt=\"\" width=\"212\" height=\"159\" srcset=\"http:\/\/blog.espe-bretagne.fr\/prodm1vannes\/wp-content\/uploads\/2018\/09\/renard-polaire-300x225.jpg 300w, http:\/\/blog.espe-bretagne.fr\/prodm1vannes\/wp-content\/uploads\/2018\/09\/renard-polaire-768x575.jpg 768w, http:\/\/blog.espe-bretagne.fr\/prodm1vannes\/wp-content\/uploads\/2018\/09\/renard-polaire.jpg 800w\" sizes=\"auto, (max-width: 212px) 100vw, 212px\" \/><figcaption id=\"caption-attachment-2905\" class=\"wp-caption-text\"><em>Renard polaire<\/em><br \/><em>Source: Wikip\u00e9dia<\/em><\/figcaption><\/figure>\n<figure id=\"attachment_2912\" aria-describedby=\"caption-attachment-2912\" style=\"width: 213px\" class=\"wp-caption aligncenter\"><img loading=\"lazy\" decoding=\"async\" class=\"wp-image-2912 aligncenter\" src=\"http:\/\/blog.espe-bretagne.fr\/prodm1vannes\/wp-content\/uploads\/2018\/09\/fennec-300x233.jpg\" alt=\"\" width=\"213\" height=\"165\" srcset=\"http:\/\/blog.espe-bretagne.fr\/prodm1vannes\/wp-content\/uploads\/2018\/09\/fennec-300x233.jpg 300w, http:\/\/blog.espe-bretagne.fr\/prodm1vannes\/wp-content\/uploads\/2018\/09\/fennec-768x595.jpg 768w, http:\/\/blog.espe-bretagne.fr\/prodm1vannes\/wp-content\/uploads\/2018\/09\/fennec.jpg 800w\" sizes=\"auto, (max-width: 213px) 100vw, 213px\" \/><figcaption id=\"caption-attachment-2912\" class=\"wp-caption-text\"><em>Fennec<\/em><br \/><em>Source: Wikip\u00e9dia<\/em><\/figcaption><\/figure>\n<h1><span style=\"color: #ff9900\"><strong>A quoi ressemble-t-il?<\/strong><\/span><\/h1>\n<p>Le renard roux a <strong>un pelage roux<\/strong> marqu\u00e9 de blanc sur la gorge et le ventre. Il a un <strong>museau pointu<\/strong>, des <strong>oreilles droites<\/strong> et une <strong>longue queue touffue<\/strong>. Il mesure en moyenne 35 cm mais sa taille varie beaucoup selon son sexe, son \u00e2ge, son origine g\u00e9ographique. Son corps est assez long, fin, ses jambes sont courtes compar\u00e9es \u00e0 la longueur de son corps et son cr\u00e2ne est \u00e9troit. Il a une ossature tr\u00e8s l\u00e9g\u00e8re par rapport \u00e0 d&rsquo;autres animaux, il est donc l\u00e9ger au port\u00e9.<\/p>\n<h1><strong><span style=\"color: #ff9900\">Quelles traces laisse-t-il ?<\/span><\/strong><\/h1>\n<p><strong><span style=\"color: #ff9900\"><img loading=\"lazy\" decoding=\"async\" class=\"wp-image-3359 aligncenter\" src=\"http:\/\/blog.espe-bretagne.fr\/prodm1vannes\/wp-content\/uploads\/2018\/09\/renard-1.jpg\" alt=\"\" width=\"390\" height=\"313\" srcset=\"http:\/\/blog.espe-bretagne.fr\/prodm1vannes\/wp-content\/uploads\/2018\/09\/renard-1.jpg 870w, http:\/\/blog.espe-bretagne.fr\/prodm1vannes\/wp-content\/uploads\/2018\/09\/renard-1-300x240.jpg 300w, http:\/\/blog.espe-bretagne.fr\/prodm1vannes\/wp-content\/uploads\/2018\/09\/renard-1-768x614.jpg 768w\" sizes=\"auto, (max-width: 390px) 100vw, 390px\" \/><\/span><\/strong><\/p>\n<p>Il ne faut pas confondre la trace d&rsquo;un renard avec celle d&rsquo;un chien.\u00a0 En effet, il existe certains points communs comme la visibilit\u00e9 des marques des coussinets et des griffes. On observe <strong>5 empreintes de pelotes<\/strong>, dont 4 de doigts.<br \/>\nPour un renard roux, les pattes avant mesurent en moyenne 6,4 cm de long contre 5 cm pour les pattes arri\u00e8res. De plus, les pattes avant poss\u00e8dent 5 doigts contre 4 pour les pattes arri\u00e8res, m\u00eame si le cinqui\u00e8me doigt de la patte avant ne se voit g\u00e9n\u00e9ralement pas dans les marques.<\/p>\n<p>&nbsp;<\/p>\n<h1><span style=\"color: #ff9900\"><strong>Que mange-t-il? Qui le mange?<\/strong><\/span><\/h1>\n<p>Le renard est principalement <strong>omnivore<\/strong>. Il mange de la viande (rongeurs et lapins), mais aussi des insectes, du poisson et des fruits. <strong>Il adapte son r\u00e9gime alimentaire selon les saisons<\/strong>, en fonction des ressources qu&rsquo;il trouve. Il utilise une technique de chasse bien particuli\u00e8re: <strong>le mulotage<\/strong>. Elle consiste \u00e0 effectuer un petit bond vers sa proie, pattes ant\u00e9rieures tendues et post\u00e9rieures fl\u00e9chies avec les oreilles orient\u00e9es vers celle-ci. Le renard chasse seul.<\/p>\n<p><img loading=\"lazy\" decoding=\"async\" class=\"alignnone size-full wp-image-3344\" src=\"http:\/\/blog.espe-bretagne.fr\/prodm1vannes\/wp-content\/uploads\/2018\/09\/chaine.jpg\" alt=\"\" width=\"1200\" height=\"299\" srcset=\"http:\/\/blog.espe-bretagne.fr\/prodm1vannes\/wp-content\/uploads\/2018\/09\/chaine.jpg 1200w, http:\/\/blog.espe-bretagne.fr\/prodm1vannes\/wp-content\/uploads\/2018\/09\/chaine-300x75.jpg 300w, http:\/\/blog.espe-bretagne.fr\/prodm1vannes\/wp-content\/uploads\/2018\/09\/chaine-768x191.jpg 768w, http:\/\/blog.espe-bretagne.fr\/prodm1vannes\/wp-content\/uploads\/2018\/09\/chaine-1024x255.jpg 1024w\" sizes=\"auto, (max-width: 1200px) 100vw, 1200px\" \/>\u00a0 \u00a0 \u00a0 \u00a0 \u00a0 \u00a0 \u00a0 \u00a0 \u00a0 \u00a0En hiver\u00a0 \u00a0 \u00a0 \u00a0 \u00a0 \u00a0 \u00a0 \u00a0 \u00a0 \u00a0 \u00a0 \u00a0 \u00a0 \u00a0 \u00a0 \u00a0 \u00a0 \u00a0 \u00a0 \u00a0 \u00a0 \u00a0 \u00a0 \u00a0 \u00a0 \u00a0 \u00a0 \u00a0 \u00a0 \u00a0 \u00a0 \u00a0 \u00a0 \u00a0 \u00a0 \u00a0 \u00a0 \u00a0 \u00a0 \u00a0 \u00a0 \u00a0 \u00a0 \u00a0 \u00a0 \u00a0 \u00a0 \u00a0 \u00a0 \u00a0 \u00a0Les autres saisons<\/p>\n<p>&nbsp;<\/p>\n<h1><span style=\"color: #ff9900\"><strong>Comment passe-t-il l&rsquo;hiver?<\/strong><\/span><\/h1>\n<p>Le renard <strong>hiverne mais n&rsquo;hiberne pas<\/strong>. Il survit \u00e0 des temp\u00e9ratures n\u00e9gatives gr\u00e2ce \u00e0 une fourrure qui s&rsquo;\u00e9paissit. Son ou\u00efe fine et son odorat d\u00e9velopp\u00e9 lui permet d&rsquo;<strong>adapter<\/strong><span style=\"font-weight: inherit\"><strong>\u00a0son alimentation<\/strong> car durant l&rsquo;hiver le renard ne trouve pas forc\u00e9ment ses principales proies (lapins et rongeurs). Il se nourrit donc avec ce qu&rsquo;il peut trouver dans la nature.<\/span><\/p>\n<p>Voici un documentaire qui explique l&rsquo;hiver du renard.<\/p>\n[youtube https:\/\/www.youtube.com\/watch?v=K30yHXasgMM?rel=0&amp;controls=0&amp;showinfo=0&amp;w=560&amp;h=315]\n<p>Source: Youtube<\/p>\n<p>&nbsp;<\/p>\n<h1><span style=\"color: #ff9900\"><strong>Comment se reproduit-il?<\/strong><\/span><\/h1>\n<p>Le renard roux <strong>se reproduit de d\u00e9cembre \u00e0 f\u00e9vrier<\/strong>. L&rsquo;accouplement m\u00e8ne souvent \u00e0 des affrontements entre les renards m\u00e2les. La renarde met bas aux beaux-jours (la p\u00e9riode de gestation est d&rsquo;environ <strong>50 jours<\/strong>). Pour donner naissance \u00e0 ses renardeaux, la renarde s&rsquo;installe souvent dans un terrier appartenant \u00e0 un autre animal (un terrier de blaireau par exemple).<\/p>\n<p>&nbsp;<\/p>\n<h1><span style=\"color: #ff9900\"><strong>Comment int\u00e9grer le renard dans nos \u00e9coles?<\/strong><\/span><\/h1>\n<ul>\n<li>Il est possible au <strong>cycle 1<\/strong> de mettre en place une s\u00e9quence en utilisant une <strong>marionnette<\/strong> de renard, qui se pr\u00e9senterait aux \u00e9l\u00e8ves. Le renard \u00e9tudi\u00e9 d&rsquo;une fa\u00e7on scientifique dans sa description se contenterait aux <strong>contes<\/strong> et <strong>chansons<\/strong> \u00e9tudi\u00e9s par les enfants. Il pourrait alors poser des <strong>questions<\/strong> comme : \u00ab\u00a0Pensez-vous que je sois m\u00e9chant ?\u00a0\u00bb \u00ab\u00a0Qui d&rsquo;autre comme moi mange \u00e0 la fois de la viande et des fruits ici ?\u00a0\u00bb afin de sensibiliser les enfants aux mammif\u00e8res carnivores et omnivores.<\/li>\n<\/ul>\n<p>&nbsp;<\/p>\n<ul>\n<li>Au <strong>cycle 2<\/strong> il est envisageable d&rsquo;organiser une <strong>chasse aux indices collective<\/strong> dans la cour de r\u00e9cr\u00e9ation, o\u00f9 un gentil renard (imagin\u00e9 par l&rsquo;enseignant) aurait laiss\u00e9 des traces derri\u00e8re lui. Ces traces seront r\u00e9cup\u00e9r\u00e9es afin d&rsquo;apprendre \u00e0 mieux le conna\u00eetre (par exemple: des petites boules de fourrure rousses, ses traces de pas, un fruit grignot\u00e9 \u00e0 c\u00f4t\u00e9 d&rsquo;une photo d&rsquo;un lapin, un bocal avec des petits insectes \u00e0 l&rsquo;int\u00e9rieur&#8230;.). Une fois les indices collect\u00e9s et les enfants de retour dans la salle, l&rsquo;enseignant pourrait poser une <strong>question<\/strong> aux enfants r\u00e9partis dans des petits groupes. Chaque groupe aurait une question diff\u00e9rente et ils devront s\u00e9lectionner les r\u00e9ponses correctes sous forme de petits papiers dispos\u00e9s sur leur table. (exemple : \u00ab\u00a0Que mange-t-il?\u00a0\u00bb : \u00a0\u00bb Du fromage \/ des lapins \/ des insectes \/ des fruits&#8230;.\u00a0\u00bb).Une fois les r\u00e9ponses corrig\u00e9es devant les autres \u00e9l\u00e8ves, les enfants pourront afficher ces r\u00e9ponses autour d&rsquo;une photo du renard afin de faire une<strong> fiche descriptive<\/strong> qui resterait affich\u00e9e dans la classe.<\/li>\n<\/ul>\n<p>&nbsp;<\/p>\n<ul>\n<li>Au <strong>cycle 3<\/strong> il serait possible d&rsquo;organiser des activit\u00e9s \u00e0 partir des connaissances qu&rsquo;ils auraient d\u00e9j\u00e0 acquises en les approfondissant \u00e0 travers un jeu. Il pourrait y avoir <strong>diff\u00e9rents ateliers<\/strong> dans la classe dans lesquels les \u00e9l\u00e8ves se baladeront\u00a0par groupe. Chaque atelier donne des renseignements plus d\u00e9taill\u00e9s sur l&rsquo;habitat, l&rsquo;alimentation, l&rsquo;apparence du renard et d&rsquo;autres caract\u00e9ristiques comme sa reproduction et sa fa\u00e7on de passer l&rsquo;hiver. Une fois les informations r\u00e9cup\u00e9r\u00e9es, un <strong>grand quizz<\/strong> sera fait aux \u00e9l\u00e8ves. L&rsquo;\u00e9quipe ayant mobilis\u00e9 le plus d&rsquo;informations pertinentes sera gagnante.<\/li>\n<\/ul>\n<p>&nbsp;<\/p>\n<h1><span style=\"color: #ff9900\"><strong>Les ren-arts<\/strong><\/span><\/h1>\n<p><em>Le saviez vous: Le renard s&rsquo;appelait avant goupil puis est devenu renart suite \u00e0 un ouvrage du moyen-\u00e2ge Roman de Renart, un ensemble de r\u00e9cits animaliers, qui fut un grand succ\u00e8s. Aujourd&rsquo;hui il a \u00e9t\u00e9 que peu modifi\u00e9 car il est connu sous le nom de renard.<\/em><\/p>\n<p>Le renard est<strong> tr\u00e8s pr\u00e9sent<\/strong> dans la culture fran\u00e7aise. On peut le voir appara\u00eetre dans de nombreuses domaines culturelles tels que: la musique, la litt\u00e9rature, le cin\u00e9ma, le sport. C&rsquo;est un animal <strong>symbolique<\/strong>, il est souvent repr\u00e9sent\u00e9 comme un animal rus\u00e9, menteur, flatteur.<br \/>\nCliquez sur le mot renard afin de visualiser et \u00e9couter ses diff\u00e9rentes apparitions\u00a0:<\/p>\n<p style=\"text-align: center\"><span style=\"color: #ff9900\"><strong>Quelques fables :<\/strong><\/span><\/p>\n<p style=\"text-align: center\">Le corbeau et le <strong><span style=\"color: #ff9900\"><a style=\"color: #ff9900\" href=\"https:\/\/www.youtube.com\/watch?v=GDwqzpTeUwk\">renard<\/a><\/span><\/strong>, Fable de La Fontaine<br \/>\nLe<strong><span style=\"color: #ff9900\">\u00a0<a style=\"color: #ff9900\" href=\"https:\/\/www.youtube.com\/watch?v=ejNTOAdX4t0\">renard<\/a><\/span><\/strong>\u00a0et la cigogne, Fable de LaFontaine<br \/>\nLe <strong><span style=\"color: #ff9900\"><a style=\"color: #ff9900\" href=\"https:\/\/www.youtube.com\/watch?v=igwHms6ND9U\">renard<\/a> <\/span><\/strong>et le bouc, Fable de LaFontaine<\/p>\n<p style=\"text-align: center\"><strong><span style=\"color: #ff9900\">Quelques chansons\u00a0:<\/span><\/strong><\/p>\n<p style=\"text-align: center\">Le loup, le <strong><span style=\"color: #ff9900\"><a style=\"color: #ff9900\" href=\"https:\/\/www.youtube.com\/watch?v=UAMBi6bPBqk\">renard<\/a><\/span><\/strong>, et la belette, les comptines d\u2019Hugo<br \/>\nLa chanson du <a href=\"https:\/\/www.youtube.com\/watch?v=AC9Ycnpr-kc\"><strong><span style=\"color: #ff9900\">renard<\/span><\/strong><\/a>, Adrien RENARD et Geoffrey ODILLE<br \/>\nWhat does\u00a0<span style=\"color: #000000\"><a style=\"color: #000000\" href=\"https:\/\/youtu.be\/jofNR_WkoCE\">the<\/a><\/span><strong><span style=\"color: #ff9900\"><a style=\"color: #ff9900\" href=\"https:\/\/youtu.be\/jofNR_WkoCE\"> fox<\/a><\/span><\/strong> say ? Ylvis<br \/>\nLe <a href=\"https:\/\/www.youtube.com\/watch?v=Dgnvc7Rm7io\"><strong><span style=\"color: #ff9900\">renard<\/span> <\/strong><\/a>tout roux, chansons pour enfant<\/p>\n<p style=\"text-align: center\"><span style=\"color: #ff9900\"><strong>Quelques films :<\/strong><\/span><\/p>\n<p style=\"text-align: center\">Le grand m\u00e9chant <a href=\"https:\/\/www.youtube.com\/watch?v=ds_w9o2I8Yw\"><strong><span style=\"color: #ff9900\">renard\u00a0<\/span><\/strong><\/a><br \/>\nL\u2019enfant et le <a href=\"https:\/\/www.youtube.com\/watch?v=eUOxNeO4RXk\"><strong><span style=\"color: #ff9900\">renard\u00a0<\/span><\/strong><\/a><br \/>\nLe <a href=\"https:\/\/www.youtube.com\/watch?v=VxO0hDNFmFg\"><strong><span style=\"color: #ff9900\">renard<\/span> <\/strong><\/a>dans Zootopie<br \/>\nLe <strong><span style=\"color: #ff9900\"><a style=\"color: #ff9900\" href=\"https:\/\/www.youtube.com\/watch?v=QCUOfrAIjMU\">renard<\/a> <\/span><\/strong>dans Dora l\u2019exploratrice<\/p>\n<p>&nbsp;<\/p>\n<h1><span style=\"color: #ff9900\"><strong>Quizz: \u00e0 vous de jouer!\u00a0<\/strong><\/span><\/h1>\n<div class=\"h5p-iframe-wrapper\"><iframe id=\"h5p-iframe-46\" class=\"h5p-iframe\" data-content-id=\"46\" style=\"height:1px\" src=\"about:blank\" frameBorder=\"0\" scrolling=\"no\" title=\"Avez-vous bien tout retenu?\"><\/iframe><\/div>\n","protected":false},"excerpt":{"rendered":"<p>source: wikip\u00e9dia Qui est le renard? Le renard est un mammif\u00e8re. Il appartient \u00e0 la famille des canid\u00e9s, une famille de carnivores, comme le loup, le chien, le chacal et le renard. La famille des renards regroupe diverses esp\u00e8ces. La plus connue de ces esp\u00e8ces, et la seule pr\u00e9sente en France, est le renard roux. [&hellip;]<\/p>\n","protected":false},"author":26,"featured_media":3355,"comment_status":"open","ping_status":"open","sticky":false,"template":"","format":"standard","meta":{"_jetpack_memberships_contains_paid_content":false,"footnotes":""},"categories":[231],"tags":[],"coauthors":[220,63],"class_list":["post-2873","post","type-post","status-publish","format-standard","has-post-thumbnail","hentry","category-sciences"],"jetpack_featured_media_url":"http:\/\/blog.espe-bretagne.fr\/prodm1vannes\/wp-content\/uploads\/2018\/09\/Fox_study_6.jpg","jetpack_sharing_enabled":true,"_links":{"self":[{"href":"http:\/\/blog.espe-bretagne.fr\/prodm1vannes\/wp-json\/wp\/v2\/posts\/2873","targetHints":{"allow":["GET"]}}],"collection":[{"href":"http:\/\/blog.espe-bretagne.fr\/prodm1vannes\/wp-json\/wp\/v2\/posts"}],"about":[{"href":"http:\/\/blog.espe-bretagne.fr\/prodm1vannes\/wp-json\/wp\/v2\/types\/post"}],"author":[{"embeddable":true,"href":"http:\/\/blog.espe-bretagne.fr\/prodm1vannes\/wp-json\/wp\/v2\/users\/26"}],"replies":[{"embeddable":true,"href":"http:\/\/blog.espe-bretagne.fr\/prodm1vannes\/wp-json\/wp\/v2\/comments?post=2873"}],"version-history":[{"count":40,"href":"http:\/\/blog.espe-bretagne.fr\/prodm1vannes\/wp-json\/wp\/v2\/posts\/2873\/revisions"}],"predecessor-version":[{"id":3524,"href":"http:\/\/blog.espe-bretagne.fr\/prodm1vannes\/wp-json\/wp\/v2\/posts\/2873\/revisions\/3524"}],"wp:featuredmedia":[{"embeddable":true,"href":"http:\/\/blog.espe-bretagne.fr\/prodm1vannes\/wp-json\/wp\/v2\/media\/3355"}],"wp:attachment":[{"href":"http:\/\/blog.espe-bretagne.fr\/prodm1vannes\/wp-json\/wp\/v2\/media?parent=2873"}],"wp:term":[{"taxonomy":"category","embeddable":true,"href":"http:\/\/blog.espe-bretagne.fr\/prodm1vannes\/wp-json\/wp\/v2\/categories?post=2873"},{"taxonomy":"post_tag","embeddable":true,"href":"http:\/\/blog.espe-bretagne.fr\/prodm1vannes\/wp-json\/wp\/v2\/tags?post=2873"},{"taxonomy":"author","embeddable":true,"href":"http:\/\/blog.espe-bretagne.fr\/prodm1vannes\/wp-json\/wp\/v2\/coauthors?post=2873"}],"curies":[{"name":"wp","href":"https:\/\/api.w.org\/{rel}","templated":true}]}}