{"id":2698,"date":"2018-09-26T14:44:24","date_gmt":"2018-09-26T12:44:24","guid":{"rendered":"http:\/\/blog.espe-bretagne.fr\/prodm1vannes\/?p=2698"},"modified":"2018-10-05T12:52:45","modified_gmt":"2018-10-05T10:52:45","slug":"un-autre-chene","status":"publish","type":"post","link":"http:\/\/blog.espe-bretagne.fr\/prodm1vannes\/un-autre-chene\/","title":{"rendered":"Un Autre Ch\u00eane"},"content":{"rendered":"<h1><\/h1>\n<h1 style=\"text-align: center\"><span style=\"text-decoration: underline\"><strong>Le Ch\u00eane P\u00e9doncul\u00e9<\/strong><\/span><\/h1>\n<p>&nbsp;<\/p>\n<figure id=\"attachment_2880\" aria-describedby=\"caption-attachment-2880\" style=\"width: 470px\" class=\"wp-caption aligncenter\"><img loading=\"lazy\" decoding=\"async\" class=\"wp-image-2880 size-full\" src=\"http:\/\/blog.espe-bretagne.fr\/prodm1vannes\/wp-content\/uploads\/2018\/09\/ch\u00eane.jpg\" alt=\"\" width=\"470\" height=\"470\" srcset=\"http:\/\/blog.espe-bretagne.fr\/prodm1vannes\/wp-content\/uploads\/2018\/09\/ch\u00eane.jpg 470w, http:\/\/blog.espe-bretagne.fr\/prodm1vannes\/wp-content\/uploads\/2018\/09\/ch\u00eane-150x150.jpg 150w, http:\/\/blog.espe-bretagne.fr\/prodm1vannes\/wp-content\/uploads\/2018\/09\/ch\u00eane-300x300.jpg 300w\" sizes=\"auto, (max-width: 470px) 100vw, 470px\" \/><figcaption id=\"caption-attachment-2880\" class=\"wp-caption-text\">Source Naudet P\u00e9pini\u00e8res<\/figcaption><\/figure>\n<ul>\n<li>\n<h3><strong>Comment le reconna\u00eetre ? Quelles caract\u00e9ristiques ?<\/strong><\/h3>\n<\/li>\n<\/ul>\n<p>Il existe diverses esp\u00e8ces de ch\u00eane comme les ch\u00eanes p\u00e9doncul\u00e9s, les ch\u00eanes sessiles&#8230;etc. Nous nous int\u00e9resserons davantage au ch\u00eane p\u00e9doncul\u00e9 \u00a0classique\u00a0(ou <em>Quercus obur<\/em>) qui est le plus courant en Bretagne.<\/p>\n<p>Le ch\u00eane p\u00e9doncul\u00e9 classique a diverses caract\u00e9ristiques permettant de le distinguer :<\/p>\n<figure id=\"attachment_2865\" aria-describedby=\"caption-attachment-2865\" style=\"width: 262px\" class=\"wp-caption alignright\"><img loading=\"lazy\" decoding=\"async\" class=\"wp-image-2865 size-full\" src=\"http:\/\/blog.espe-bretagne.fr\/prodm1vannes\/wp-content\/uploads\/2018\/09\/gland.jpg\" alt=\"\" width=\"262\" height=\"159\" \/><figcaption id=\"caption-attachment-2865\" class=\"wp-caption-text\">Source f6mig.canalblog<\/figcaption><\/figure>\n<p><img loading=\"lazy\" decoding=\"async\" class=\"wp-image-2866 alignleft\" src=\"http:\/\/blog.espe-bretagne.fr\/prodm1vannes\/wp-content\/uploads\/2018\/09\/Quercus-robur-fruit-web-1.jpg\" alt=\"\" width=\"245\" height=\"184\" srcset=\"http:\/\/blog.espe-bretagne.fr\/prodm1vannes\/wp-content\/uploads\/2018\/09\/Quercus-robur-fruit-web-1.jpg 550w, http:\/\/blog.espe-bretagne.fr\/prodm1vannes\/wp-content\/uploads\/2018\/09\/Quercus-robur-fruit-web-1-300x225.jpg 300w\" sizes=\"auto, (max-width: 245px) 100vw, 245px\" \/><\/p>\n<p>&#8211; Ses feuilles simples, altern\u00e9es sur la branche, avec des lobes irr\u00e9guliers.<\/p>\n<p style=\"text-align: right\">&#8211; Son fruit, le gland, de forme ovo\u00efde et allong\u00e9e, mesure 1.5 \u00e0 3 cm de long. Ils sont souvent regroup\u00e9s par deux ou trois. Leur couleur \u00e9volue du vert au brun (fruit mature). La fructification a lieu en septembre et en octobre.<\/p>\n<p>&nbsp;<\/p>\n<figure id=\"attachment_3239\" aria-describedby=\"caption-attachment-3239\" style=\"width: 200px\" class=\"wp-caption alignleft\"><img loading=\"lazy\" decoding=\"async\" class=\"wp-image-3239 size-medium\" src=\"http:\/\/blog.espe-bretagne.fr\/prodm1vannes\/wp-content\/uploads\/2018\/09\/800px-Quercus_robur_Marki_4-200x300.jpg\" alt=\"\" width=\"200\" height=\"300\" srcset=\"http:\/\/blog.espe-bretagne.fr\/prodm1vannes\/wp-content\/uploads\/2018\/09\/800px-Quercus_robur_Marki_4-200x300.jpg 200w, http:\/\/blog.espe-bretagne.fr\/prodm1vannes\/wp-content\/uploads\/2018\/09\/800px-Quercus_robur_Marki_4-768x1152.jpg 768w, http:\/\/blog.espe-bretagne.fr\/prodm1vannes\/wp-content\/uploads\/2018\/09\/800px-Quercus_robur_Marki_4-683x1024.jpg 683w, http:\/\/blog.espe-bretagne.fr\/prodm1vannes\/wp-content\/uploads\/2018\/09\/800px-Quercus_robur_Marki_4.jpg 800w\" sizes=\"auto, (max-width: 200px) 100vw, 200px\" \/><figcaption id=\"caption-attachment-3239\" class=\"wp-caption-text\">Source wikipedia<\/figcaption><\/figure>\n<figure id=\"attachment_3240\" aria-describedby=\"caption-attachment-3240\" style=\"width: 188px\" class=\"wp-caption alignright\"><img loading=\"lazy\" decoding=\"async\" class=\"wp-image-3240 size-medium\" src=\"http:\/\/blog.espe-bretagne.fr\/prodm1vannes\/wp-content\/uploads\/2018\/09\/depositphotos_174176084-stock-photo-bark-oak-pedunculate-oak-quercus-188x300.jpg\" alt=\"\" width=\"188\" height=\"300\" srcset=\"http:\/\/blog.espe-bretagne.fr\/prodm1vannes\/wp-content\/uploads\/2018\/09\/depositphotos_174176084-stock-photo-bark-oak-pedunculate-oak-quercus-188x300.jpg 188w, http:\/\/blog.espe-bretagne.fr\/prodm1vannes\/wp-content\/uploads\/2018\/09\/depositphotos_174176084-stock-photo-bark-oak-pedunculate-oak-quercus-768x1224.jpg 768w, http:\/\/blog.espe-bretagne.fr\/prodm1vannes\/wp-content\/uploads\/2018\/09\/depositphotos_174176084-stock-photo-bark-oak-pedunculate-oak-quercus-643x1024.jpg 643w, http:\/\/blog.espe-bretagne.fr\/prodm1vannes\/wp-content\/uploads\/2018\/09\/depositphotos_174176084-stock-photo-bark-oak-pedunculate-oak-quercus.jpg 1067w\" sizes=\"auto, (max-width: 188px) 100vw, 188px\" \/><figcaption id=\"caption-attachment-3240\" class=\"wp-caption-text\">Source despositphotos<\/figcaption><\/figure>\n<p>&nbsp;<\/p>\n<p>&nbsp;<\/p>\n<p>&#8211; Son tronc, qui est large et haut, peut atteindre 50 m\u00e8tres de\u00a0 haut et 2 m\u00e8tres de diam\u00e8tre. Il est compos\u00e9 de branches massives qui naissent sur la partie basse du tronc et qui se terminent en rameaux rapproch\u00e9s.<\/p>\n<p>&nbsp;<\/p>\n<p>&nbsp;<\/p>\n<p style=\"text-align: right\">&#8211;\u00a0 Son \u00e9corce, constitu\u00e9 de plaquettes trap\u00e9zo\u00efdales larges et profondes.<\/p>\n<p>&nbsp;<\/p>\n<p>&nbsp;<\/p>\n<div class=\"mceTemp\"><\/div>\n<div>\n<div><\/div>\n<\/div>\n<ul>\n<li>\n<h3><strong>De quoi a-t-il besoin?<\/strong><\/h3>\n<\/li>\n<\/ul>\n<p>Pour qu&rsquo;il puisse \u00e9voluer, certains facteurs lui sont n\u00e9cessaire, mais tous les ch\u00eanes n&rsquo;ont pas les m\u00eames besoins. Pour notre esp\u00e8ce, par exemple, il lui faut :<\/p>\n<p>&#8211; Beaucoup de lumi\u00e8re,<\/p>\n<p>&#8211; Des sols fertiles, profonds (pour \u00e9tendre ses racines) et aliment\u00e9s en permanence d&rsquo;eau.<\/p>\n<p>Il est tr\u00e8s sensible \u00e0 la s\u00e9cheresse, contrairement au ch\u00eane sessile, qui lui est plut\u00f4t sensible aux sols engorg\u00e9s d&rsquo;eau.<\/p>\n<p>Avec tous ces facteurs r\u00e9unis, le ch\u00eane va grandir et peut atteindre jusqu&rsquo;\u00e0 35 m\u00e8tres environ, selon l&rsquo;espace qu&rsquo;il a pour \u00e9tendre ses branches et ses racines.<\/p>\n<figure id=\"attachment_2864\" aria-describedby=\"caption-attachment-2864\" style=\"width: 735px\" class=\"wp-caption aligncenter\"><img loading=\"lazy\" decoding=\"async\" class=\"wp-image-2864\" src=\"http:\/\/blog.espe-bretagne.fr\/prodm1vannes\/wp-content\/uploads\/2018\/09\/\u00e9volution-ch\u00eane.jpg\" alt=\"\" width=\"735\" height=\"276\" srcset=\"http:\/\/blog.espe-bretagne.fr\/prodm1vannes\/wp-content\/uploads\/2018\/09\/\u00e9volution-ch\u00eane.jpg 962w, http:\/\/blog.espe-bretagne.fr\/prodm1vannes\/wp-content\/uploads\/2018\/09\/\u00e9volution-ch\u00eane-300x113.jpg 300w, http:\/\/blog.espe-bretagne.fr\/prodm1vannes\/wp-content\/uploads\/2018\/09\/\u00e9volution-ch\u00eane-768x289.jpg 768w\" sizes=\"auto, (max-width: 735px) 100vw, 735px\" \/><figcaption id=\"caption-attachment-2864\" class=\"wp-caption-text\">Source photos personnelles et AmiensFauna and flora<\/figcaption><\/figure>\n<p>&nbsp;<\/p>\n<ul>\n<li>\n<h3 style=\"text-align: left\"><strong>Quelle reproduction?<\/strong><\/h3>\n<\/li>\n<\/ul>\n<p>C\u2019est au printemps que le ch\u00eane fleurit et qu\u2019il va fabriquer son fruit : <strong>le gland<\/strong>.<\/p>\n<p align=\"center\"><i>Mais comment se d\u00e9roule la floraison des ch\u00eanes ? <\/i><\/p>\n<p>La reproduction est la m\u00eame que pour l\u2019ensemble des arbres, le ch\u00eane est <strong>mono\u00efque<\/strong> (porte \u00e0 la fois des fleurs m\u00e2les et femelles) :<\/p>\n<figure id=\"attachment_3422\" aria-describedby=\"caption-attachment-3422\" style=\"width: 168px\" class=\"wp-caption alignleft\"><img loading=\"lazy\" decoding=\"async\" class=\"wp-image-3422\" src=\"http:\/\/blog.espe-bretagne.fr\/prodm1vannes\/wp-content\/uploads\/2018\/09\/fleurs-males-de-chene-1-1-171x300.jpg\" alt=\"\" width=\"168\" height=\"295\" srcset=\"http:\/\/blog.espe-bretagne.fr\/prodm1vannes\/wp-content\/uploads\/2018\/09\/fleurs-males-de-chene-1-1-171x300.jpg 171w, http:\/\/blog.espe-bretagne.fr\/prodm1vannes\/wp-content\/uploads\/2018\/09\/fleurs-males-de-chene-1-1.jpg 285w\" sizes=\"auto, (max-width: 168px) 100vw, 168px\" \/><figcaption id=\"caption-attachment-3422\" class=\"wp-caption-text\">Source : Des fleurs \u00e0 notre porte<\/figcaption><\/figure>\n<figure id=\"attachment_3428\" aria-describedby=\"caption-attachment-3428\" style=\"width: 189px\" class=\"wp-caption alignright\"><img loading=\"lazy\" decoding=\"async\" class=\"wp-image-3428 size-medium\" src=\"http:\/\/blog.espe-bretagne.fr\/prodm1vannes\/wp-content\/uploads\/2018\/09\/fleurs-femelles-de-chene-6-189x300.jpg\" alt=\"\" width=\"189\" height=\"300\" srcset=\"http:\/\/blog.espe-bretagne.fr\/prodm1vannes\/wp-content\/uploads\/2018\/09\/fleurs-femelles-de-chene-6-189x300.jpg 189w, http:\/\/blog.espe-bretagne.fr\/prodm1vannes\/wp-content\/uploads\/2018\/09\/fleurs-femelles-de-chene-6.jpg 377w\" sizes=\"auto, (max-width: 189px) 100vw, 189px\" \/><figcaption id=\"caption-attachment-3428\" class=\"wp-caption-text\">Source : Des fleurs \u00e0 notre porte<\/figcaption><\/figure>\n<p>&nbsp;<\/p>\n<p>&#8211; <b>Les fleurs m\u00e2les<\/b> : sont des chatons allong\u00e9s et pendants,<\/p>\n<p>de couleur jaune-verd\u00e2tre et sont sans p\u00e9tales, de taille minuscule.<\/p>\n<p>&nbsp;<\/p>\n<p>&nbsp;<\/p>\n<p style=\"text-align: right\">&#8211; <b>Les fleurs femelles<\/b> : sont solitaires ou en \u00e9pi, de 2 \u00e0 5 et sont<\/p>\n<p style=\"text-align: right\">port\u00e9e par un long p\u00e9doncule plac\u00e9 dans une cupule.<\/p>\n<p>&nbsp;<\/p>\n<p>&nbsp;<\/p>\n<p>&nbsp;<\/p>\n<p>Les chatons lib\u00e8rent ainsi leur pollen, et, transport\u00e9 par le vent, se d\u00e9pose sur les fleurs femelles ce qui va permettre de produire le gland.<\/p>\n<p>Une fois le pollen lib\u00e9r\u00e9, les chatons (fleurs m\u00e2les) se d\u00e9tachent de l\u2019arbre et tombent sur la liti\u00e8re ; tandis que les fleurs femelles terminent la fructification du gland (qui prendra fin en septembre) avant de tomber \u00e0 leur tour en automne.<\/p>\n<p>&nbsp;<\/p>\n<ul>\n<li>\n<h3><strong>Quelles activit\u00e9s en classe?<\/strong><\/h3>\n<\/li>\n<\/ul>\n<p>Voici quelques propositions d&rsquo;activit\u00e9s \u00e0 faire en classe autour du ch\u00eane p\u00e9doncul\u00e9 :<\/p>\n<p>&#8211; Suivre la croissance d&rsquo;un arbre, en mettant par exemple en place au d\u00e9but de l&rsquo;ann\u00e9e sa mise en pot et suivre ainsi son \u00e9volution :<\/p>\n<p><img loading=\"lazy\" decoding=\"async\" class=\"aligncenter wp-image-3663 size-large\" src=\"http:\/\/blog.espe-bretagne.fr\/prodm1vannes\/wp-content\/uploads\/2018\/09\/Croissance-ch\u00eane-1024x322.jpg\" alt=\"\" width=\"1024\" height=\"322\" srcset=\"http:\/\/blog.espe-bretagne.fr\/prodm1vannes\/wp-content\/uploads\/2018\/09\/Croissance-ch\u00eane-1024x322.jpg 1024w, http:\/\/blog.espe-bretagne.fr\/prodm1vannes\/wp-content\/uploads\/2018\/09\/Croissance-ch\u00eane-300x94.jpg 300w, http:\/\/blog.espe-bretagne.fr\/prodm1vannes\/wp-content\/uploads\/2018\/09\/Croissance-ch\u00eane-768x242.jpg 768w\" sizes=\"auto, (max-width: 1024px) 100vw, 1024px\" \/><\/p>\n<p>&#8211; Observer le ch\u00eane p\u00e9doncul\u00e9 dans son milieu naturel en fonction des saisons et comparer les diff\u00e9rences (Prise de photos, repr\u00e9sentation en dessin&#8230;)<\/p>\n<p>&nbsp;<\/p>\n<p>&#8211; Comparer le ch\u00eane p\u00e9doncul\u00e9 avec les autres esp\u00e8ces de ch\u00eane qui existent en regroupant les points communs et les diff\u00e9rences dans un tableau.<\/p>\n<p>&nbsp;<\/p>\n<p>&#8211; R\u00e9aliser une affiche sur le ch\u00eane et sur les diff\u00e9rents \u00e9l\u00e9ments qui le constitue.<\/p>\n<p>&nbsp;<\/p>\n<h3><strong>Voir aussi :<\/strong><\/h3>\n<h3>&#8211; Le Ch\u00eane et le Roseau &#8211; Jean de La Fontaine :\u00a0 <div class=\"h5p-iframe-wrapper\"><iframe id=\"h5p-iframe-42\" class=\"h5p-iframe\" data-content-id=\"42\" style=\"height:1px\" src=\"about:blank\" frameBorder=\"0\" scrolling=\"no\" title=\"Un Autre Ch\u00eane - Fable Audio\"><\/iframe><\/div><\/h3>\n<p>&nbsp;<\/p>\n<p style=\"text-align: center\">&#8211;&gt; en apprendre plus sur lui en vid\u00e9o :\u00a0<a href=\"https:\/\/www.youtube.com\/watch?v=XT84FfqXmH0\" target=\"_blank\" rel=\"noopener\"><strong>le ch\u00eane p\u00e9doncul\u00e9<\/strong> <\/a>&lt;&#8211;<\/p>\n<p>&nbsp;<\/p>\n<p style=\"text-align: center\"><div class=\"h5p-iframe-wrapper\"><iframe id=\"h5p-iframe-56\" class=\"h5p-iframe\" data-content-id=\"56\" style=\"height:1px\" src=\"about:blank\" frameBorder=\"0\" scrolling=\"no\" title=\"Un Autre Ch\u00eane - Glisser D\u00e9poser\"><\/iframe><\/div>\n<p>&nbsp;<\/p>\n<p><a href=\"http:\/\/www.cfbl.fr\/espace-pro-doc\/document\/fiche-technique-crpf-reconnaissance-chene-sessile-chene-pedoncule.pdf\">http:\/\/www.cfbl.fr\/espace-pro-doc\/document\/fiche-technique-crpf-reconnaissance-chene-sessile-chene-pedoncule.pdf<\/a><\/p>\n<p><a href=\"https:\/\/www.the-forest-time.com\/fr\/guide-des-essences\/le-chene-pedonculechene-sessile\">https:\/\/www.the-forest-time.com\/fr\/guide-des-essences\/le-chene-pedonculechene-sessile<\/a><\/p>\n<p><a href=\"http:\/\/www.desfleursanotreporte.com\/pages\/La_floraison_des_arbres_un_processus_parfois_inapercu-5138168.html\">http:\/\/www.desfleursanotreporte.com\/pages\/La_floraison_des_arbres_un_processus_parfois_inapercu-5138168.html<\/a><\/p>\n<p><a href=\"https:\/\/www.animateur-nature.com\/reproduction_arbres\/chene_vert.html\">https:\/\/www.animateur-nature.com\/reproduction_arbres\/chene_vert.html<\/a><\/p>\n<p><a href=\"http:\/\/www.ffbonsai.com\/wp-content\/uploads\/2014\/07\/Le-Ch%C3%AAne.pdf\">http:\/\/www.ffbonsai.com\/wp-content\/uploads\/2014\/07\/Le-Ch%C3%AAne.pdf<\/a><\/p>\n<p><a href=\"https:\/\/www.pepinieres-naudet.com\/boutique\/feuillus-forestiers\/429-chene-pedoncule-quercus-robur-3546868965275.html\">https:\/\/www.pepinieres-naudet.com\/boutique\/feuillus-forestiers\/429-chene-pedoncule-quercus-robur-3546868965275.html<\/a><\/p>\n<p><a href=\"http:\/\/f6mig.canalblog.com\/archives\/2014\/12\/07\/31098075.html\">http:\/\/f6mig.canalblog.com\/archives\/2014\/12\/07\/31098075.html<\/a><\/p>\n<p><a href=\"http:\/\/aesgsf.free.fr\/V5\/arbres-de-picardie-outils-didentifications-quercus-robur-chene-pedoncule-en.html\">http:\/\/aesgsf.free.fr\/V5\/arbres-de-picardie-outils-didentifications-quercus-robur-chene-pedoncule-en.html<\/a><\/p>\n","protected":false},"excerpt":{"rendered":"<p>Le Ch\u00eane P\u00e9doncul\u00e9 &nbsp; Comment le reconna\u00eetre ? Quelles caract\u00e9ristiques ? Il existe diverses esp\u00e8ces de ch\u00eane comme les ch\u00eanes p\u00e9doncul\u00e9s, les ch\u00eanes sessiles&#8230;etc. Nous nous int\u00e9resserons davantage au ch\u00eane p\u00e9doncul\u00e9 \u00a0classique\u00a0(ou Quercus obur) qui est le plus courant en Bretagne. Le ch\u00eane p\u00e9doncul\u00e9 classique a diverses caract\u00e9ristiques permettant de le distinguer : &#8211; Ses [&hellip;]<\/p>\n","protected":false},"author":26,"featured_media":2711,"comment_status":"open","ping_status":"open","sticky":false,"template":"","format":"standard","meta":{"_jetpack_memberships_contains_paid_content":false,"footnotes":""},"categories":[231],"tags":[],"coauthors":[178,175,191,233,63],"class_list":["post-2698","post","type-post","status-publish","format-standard","has-post-thumbnail","hentry","category-sciences"],"jetpack_featured_media_url":"http:\/\/blog.espe-bretagne.fr\/prodm1vannes\/wp-content\/uploads\/2018\/09\/chene-l750-h512.jpg","jetpack_sharing_enabled":true,"_links":{"self":[{"href":"http:\/\/blog.espe-bretagne.fr\/prodm1vannes\/wp-json\/wp\/v2\/posts\/2698","targetHints":{"allow":["GET"]}}],"collection":[{"href":"http:\/\/blog.espe-bretagne.fr\/prodm1vannes\/wp-json\/wp\/v2\/posts"}],"about":[{"href":"http:\/\/blog.espe-bretagne.fr\/prodm1vannes\/wp-json\/wp\/v2\/types\/post"}],"author":[{"embeddable":true,"href":"http:\/\/blog.espe-bretagne.fr\/prodm1vannes\/wp-json\/wp\/v2\/users\/26"}],"replies":[{"embeddable":true,"href":"http:\/\/blog.espe-bretagne.fr\/prodm1vannes\/wp-json\/wp\/v2\/comments?post=2698"}],"version-history":[{"count":27,"href":"http:\/\/blog.espe-bretagne.fr\/prodm1vannes\/wp-json\/wp\/v2\/posts\/2698\/revisions"}],"predecessor-version":[{"id":2760,"href":"http:\/\/blog.espe-bretagne.fr\/prodm1vannes\/wp-json\/wp\/v2\/posts\/2698\/revisions\/2760"}],"wp:featuredmedia":[{"embeddable":true,"href":"http:\/\/blog.espe-bretagne.fr\/prodm1vannes\/wp-json\/wp\/v2\/media\/2711"}],"wp:attachment":[{"href":"http:\/\/blog.espe-bretagne.fr\/prodm1vannes\/wp-json\/wp\/v2\/media?parent=2698"}],"wp:term":[{"taxonomy":"category","embeddable":true,"href":"http:\/\/blog.espe-bretagne.fr\/prodm1vannes\/wp-json\/wp\/v2\/categories?post=2698"},{"taxonomy":"post_tag","embeddable":true,"href":"http:\/\/blog.espe-bretagne.fr\/prodm1vannes\/wp-json\/wp\/v2\/tags?post=2698"},{"taxonomy":"author","embeddable":true,"href":"http:\/\/blog.espe-bretagne.fr\/prodm1vannes\/wp-json\/wp\/v2\/coauthors?post=2698"}],"curies":[{"name":"wp","href":"https:\/\/api.w.org\/{rel}","templated":true}]}}