{"id":2530,"date":"2018-09-26T12:26:57","date_gmt":"2018-09-26T10:26:57","guid":{"rendered":"http:\/\/blog.espe-bretagne.fr\/prodm1vannes\/?p=2530"},"modified":"2018-10-04T18:15:54","modified_gmt":"2018-10-04T16:15:54","slug":"les-abeilles","status":"publish","type":"post","link":"http:\/\/blog.espe-bretagne.fr\/prodm1vannes\/les-abeilles\/","title":{"rendered":"L&rsquo; abeille"},"content":{"rendered":"\r\n\r\n<img loading=\"lazy\" decoding=\"async\" class=\"wp-image-2662 aligncenter\" src=\"http:\/\/blog.espe-bretagne.fr\/prodm1vannes\/wp-content\/uploads\/2018\/09\/1300200-216x300.png\" alt=\"\" width=\"186\" height=\"258\" srcset=\"http:\/\/blog.espe-bretagne.fr\/prodm1vannes\/wp-content\/uploads\/2018\/09\/1300200-216x300.png 216w, http:\/\/blog.espe-bretagne.fr\/prodm1vannes\/wp-content\/uploads\/2018\/09\/1300200.png 368w\" sizes=\"auto, (max-width: 186px) 100vw, 186px\" \/>\r\n\r\n\r\n\r\n\r\n<h2 class=\"wp-block-heading\" style=\"text-align: center\"><strong>Qui suis-je ?<\/strong><\/h2>\r\n\r\n\r\n\r\n\r\n&nbsp;\r\n\r\nMon nom scientifique est <em>Apis mellifera, <\/em>je suis un insecte de la famille des Hym\u00e9nopt\u00e8res (\u00e0 ailes membraneuses).\r\nIl y a environ 20000 esp\u00e8ces d&rsquo;abeilles dont 1000 rien qu&rsquo;en France.\r\n\r\n&nbsp;\r\n<h2 style=\"text-align: center\"><b>Comment me reconnait-on ? <\/b><\/h2>\r\n&nbsp;\r\n\r\nNombreux sont ceux qui me confondent avec ma cousine la gu\u00eape, et mes cousins le bourdon et le frelon. Pourtant nous sommes bien diff\u00e9rents. Tout comme le bourdon je suis un insecte poilu, mais il est plus gros que moi il peut piquer plusieurs fois. Moi, je ne pique qu&rsquo;une seule fois et seulement pour me d\u00e9fendre. A l&rsquo;inverse du bourdon et de l&rsquo;abeille, la gu\u00eape n&rsquo;a pas de poils. Elle est plus mince que moi et surtout elle mange de tout : elle est omnivore. Elle mange aussi bien de la viande que des plantes. Mes s\u0153urs et moi sommes v\u00e9g\u00e9tariennes : nous nous nourrissons exclusivement de plantes et de fruits, et on adore \u00e7a !\r\n\r\n&nbsp;\r\n\r\n\r\n\r\n\r\n<h3 class=\"wp-block-heading\"><div class=\"h5p-iframe-wrapper\"><iframe id=\"h5p-iframe-38\" class=\"h5p-iframe\" data-content-id=\"38\" style=\"height:1px\" src=\"about:blank\" frameBorder=\"0\" scrolling=\"no\" title=\"abeille\"><\/iframe><\/div><\/h3>\r\n<h2 style=\"text-align: center\"><strong>O\u00f9 me trouver ?<\/strong><\/h2>\r\n\r\n\r\n\r\n\r\n&nbsp;\r\n\r\nJe peux vivre partout sur la terre \u00e0 l\u2019exception des lieux o\u00f9 l&rsquo;hiver est tr\u00e8s froid.\r\nOn peut me trouver dans les ruches construites par l&rsquo;Homme, mais \u00e0 l&rsquo;\u00e9tat naturel je fabrique mon propre nid, dans les arbres par exemple.\r\n\r\n&nbsp;\r\n\r\n<img loading=\"lazy\" decoding=\"async\" class=\"size-medium wp-image-2628 alignleft\" src=\"http:\/\/blog.espe-bretagne.fr\/prodm1vannes\/wp-content\/uploads\/2018\/09\/800px-Ruches_Haute-Savoie-300x193.jpg\" alt=\"\" width=\"300\" height=\"193\" srcset=\"http:\/\/blog.espe-bretagne.fr\/prodm1vannes\/wp-content\/uploads\/2018\/09\/800px-Ruches_Haute-Savoie-300x193.jpg 300w, http:\/\/blog.espe-bretagne.fr\/prodm1vannes\/wp-content\/uploads\/2018\/09\/800px-Ruches_Haute-Savoie-768x493.jpg 768w, http:\/\/blog.espe-bretagne.fr\/prodm1vannes\/wp-content\/uploads\/2018\/09\/800px-Ruches_Haute-Savoie.jpg 800w\" sizes=\"auto, (max-width: 300px) 100vw, 300px\" \/>\r\n\r\n<img loading=\"lazy\" decoding=\"async\" class=\"wp-image-2630 alignright\" src=\"http:\/\/blog.espe-bretagne.fr\/prodm1vannes\/wp-content\/uploads\/2018\/09\/Vespa_velutina_nid-300x244.jpg\" alt=\"\" width=\"255\" height=\"207\" srcset=\"http:\/\/blog.espe-bretagne.fr\/prodm1vannes\/wp-content\/uploads\/2018\/09\/Vespa_velutina_nid-300x244.jpg 300w, http:\/\/blog.espe-bretagne.fr\/prodm1vannes\/wp-content\/uploads\/2018\/09\/Vespa_velutina_nid-768x626.jpg 768w, http:\/\/blog.espe-bretagne.fr\/prodm1vannes\/wp-content\/uploads\/2018\/09\/Vespa_velutina_nid-1024x834.jpg 1024w, http:\/\/blog.espe-bretagne.fr\/prodm1vannes\/wp-content\/uploads\/2018\/09\/Vespa_velutina_nid.jpg 1662w\" sizes=\"auto, (max-width: 255px) 100vw, 255px\" \/>\r\n\r\n&nbsp;\r\n<p style=\"text-align: center\"><em>&lt;&lt;&lt;\r\nphotographie de ruches en Haute-Savoie par<\/em>\u00a0<em>Mirabella\r\n&gt;&gt;&gt;\r\nphotographie d&rsquo;un nid dans le Gard par\u00a0<a class=\"new\" title=\"User:Fredciel (page does not exist)\" href=\"https:\/\/commons.wikimedia.org\/w\/index.php?title=User:Fredciel&amp;action=edit&amp;redlink=1\">Fredciel<\/a><\/em><\/p>\r\n&nbsp;\r\n\r\n&nbsp;\r\n<h2 style=\"text-align: center\"><strong>Qui compose la ruche ?<\/strong><\/h2>\r\n&nbsp;\r\n\r\nChaque ruche est dirig\u00e9e par une seule reine, c&rsquo;est la seule qui se reproduit et qui pond les futures ouvri\u00e8res, les futures reines et les futurs m\u00e2les, aussi appel\u00e9s faux bourdons.\r\n\r\nDans la ruche, nous les abeilles ouvri\u00e8res avons plusieurs r\u00f4les :\r\n<ul>\r\n \t<li>les b\u00e2tisseuses<\/li>\r\n \t<li>les nourrici\u00e8res<\/li>\r\n \t<li>les manutentionnaires<\/li>\r\n \t<li>les magasini\u00e8res ventileuses<\/li>\r\n \t<li>les butineuses<\/li>\r\n \t<li>les gardiennes<\/li>\r\n \t<li>les nettoyeuses<\/li>\r\n<\/ul>\r\n&nbsp;\r\n<h2 style=\"text-align: center\"><b>Qu&rsquo;est ce que je mange ?<\/b><\/h2>\r\n&nbsp;\r\n\r\nLa nourriture varie entre la reine et les abeilles ouvri\u00e8res. En effet, la reine se nourrit de gel\u00e9e royale et de miel. Quant aux abeilles ouvri\u00e8res, elles mangent le pollen r\u00e9colt\u00e9 sur les fleurs, le miel \u00e9labor\u00e9 \u00e0 partir du nectar r\u00e9colt\u00e9 sur les fleurs et doivent s&rsquo;hydrater.\r\n\r\n&nbsp;\r\n<h2 style=\"text-align: center\"><b>Comment suis-je apparue ?<\/b><\/h2>\r\n&nbsp;\r\n\r\n<img loading=\"lazy\" decoding=\"async\" class=\"size-medium wp-image-3248 aligncenter\" src=\"http:\/\/blog.espe-bretagne.fr\/prodm1vannes\/wp-content\/uploads\/2018\/09\/cycle_vie_abeille-300x189.jpg\" alt=\"\" width=\"300\" height=\"189\" srcset=\"http:\/\/blog.espe-bretagne.fr\/prodm1vannes\/wp-content\/uploads\/2018\/09\/cycle_vie_abeille-300x189.jpg 300w, http:\/\/blog.espe-bretagne.fr\/prodm1vannes\/wp-content\/uploads\/2018\/09\/cycle_vie_abeille.jpg 700w\" sizes=\"auto, (max-width: 300px) 100vw, 300px\" \/>\r\n\r\nLa reine est la seule \u00e0 pouvoir pondre des \u0153ufs. Elle peut pondre jusqu&rsquo;\u00e0 2000 \u0153ufs par jour. Les faux bourdons assurent la f\u00e9condation des reines. Les ouvri\u00e8res prennent soin des \u0153ufs.\r\n\r\nDans l&rsquo;alv\u00e9ole :\r\n<ul>\r\n \t<li>Un \u0153uf ressemble \u00e0 une minuscule virgule blanch\u00e2tre<\/li>\r\n \t<li>Au bout de 3 jours, l\u2019\u0153uf devient une larve<\/li>\r\n \t<li>Jusqu&rsquo;\u00e0 6 jours, les ouvri\u00e8res la nourrissent avec de la gel\u00e9e royale<\/li>\r\n \t<li>De 6 \u00e0 8 jours, elle est nourrie de pollen, de miel et d&rsquo;eau. Elle deviendra une ouvri\u00e8re. Si elle reste nourrie de gel\u00e9e royale, alors elle deviendra une reine.<\/li>\r\n \t<li>Les ouvri\u00e8res ferment l&rsquo;alv\u00e9ole avec de la cire<\/li>\r\n \t<li>A partir du 10\u00e8me jour, la larve devient une nymphe.<\/li>\r\n \t<li>Naissance de l&rsquo;abeille le 21\u00e8me jour.<\/li>\r\n \t<li>Lorsque l\u2019\u0153uf n&rsquo;est pas f\u00e9cond\u00e9, la larve deviendra un faux bourdon.<\/li>\r\n<\/ul>\r\nL&rsquo;abeille a une dur\u00e9e de vie variable en fonction de la saison de naissance. Une abeille ouvri\u00e8re n\u00e9e au printemps a une dur\u00e9e de vie variant entre 40 et 60 jours, alors qu&rsquo;en automne, la dur\u00e9e de vie peut atteindre 7 mois. Quant \u00e0 la reine, elle peut vivre jusqu&rsquo;\u00e0 5 ans.\r\n\r\n&nbsp;\r\n<h2 style=\"text-align: center\"><strong>Pourquoi suis-je importante pour l&rsquo;environnement ?<\/strong><\/h2>\r\n&nbsp;\r\n\r\nMes s\u0153urs et moi avons un r\u00f4le essentiel pour l&rsquo;environnement car nous participons \u00e0 la vie de la nature. Nous somme un \u00e9l\u00e9ment cl\u00e9 de la cha\u00eene alimentaire car nous assurons <strong>la pollinisation<\/strong>. En effet, nous butinons les fleurs pour r\u00e9colter le pollen et le nectar. En volant de fleurs en fleurs, nous stockons le pollen sur les pattes ou sur l&rsquo;abdomen. Lorsque nous visitons les fleurs, du pollen retombe involontairement sur d&rsquo;autres fleurs, en assurant ainsi le transport de l&rsquo;\u00e9l\u00e9ment f\u00e9condant m\u00e2le de la plante. Une fois f\u00e9cond\u00e9e, la plante produira un fruit contenant des graines.\r\n\r\nSans les abeilles, il n&rsquo;y aurait plus de fruits, de plantes ou de graines dont se nourrissent les animaux et les hommes.\r\n\r\n&nbsp;\r\n<h2 style=\"text-align: center\"><strong>Qu&rsquo;est ce qui me menace ?<\/strong><\/h2>\r\n&nbsp;\r\n\r\nDepuis une dizaine d&rsquo;ann\u00e9es le nombre d&rsquo;abeilles diminue. Il y a quatre principales raisons \u00e0 cela :\r\n<ul>\r\n \t<li>le changement climatique : il fait plus chaud et il y a moins de pluie, donc moins de ressources en eau et de nectar.<\/li>\r\n \t<li>un environnement moins riche : il y a de moins en moins de prairies naturelles o\u00f9 moi et mes semblable pouvons nous installer.<\/li>\r\n \t<li>la pollution par les pesticides : les agriculteurs utilisent des pesticides et des insecticides pour prot\u00e9ger leur cultures d&rsquo;attaques d&rsquo;insectes ou autres parasites. Si je butine une fleur pollu\u00e9e, je peux tomber malade.<\/li>\r\n \t<li>diff\u00e9rents parasites et insectes nuisibles : le parasite Varroa et le Frelon asiatique sont de vrais menaces pour ma famille.<\/li>\r\n<\/ul>\r\n&nbsp;\r\n<h2 style=\"text-align: center\"><strong>On parle de moi !\u00a0<em>(litt\u00e9rature jeunesse)\u00a0<\/em><\/strong><\/h2>\r\n&nbsp;\r\n\r\nMaya l&rsquo;abeille, d&rsquo;apr\u00e8s le roman d&rsquo;un \u00e9crivain allemand, Waldemar Bonsels, repris par la suite sous forme de film d&rsquo;animation et d&rsquo;albums jeunesse.\r\n\r\nMireille l&rsquo;abeille, issue de la collection Dr\u00f4les de petites b\u00eates de Antoun Krings\r\n\r\n&nbsp;\r\n<h2 style=\"text-align: center\"><strong>Ce que l&rsquo;on peut faire avec moi en classe<\/strong><\/h2>\r\n&nbsp;\r\n\r\nPour les d\u00e9butants, vous pouvez venir me d\u00e9couvrir en allant \u00e0 la rencontre d&rsquo;un apiculteur, qui pourra vous pr\u00e9senter ses ruches et la fabrication du miel en toute s\u00e9curit\u00e9. Vous pouvez \u00e9galement me dessiner.\r\n\r\nPour les experts, vous pouvez sch\u00e9matiser mon cycle de vie.\r\n\r\n&nbsp;\r\n<h2 style=\"text-align: center\"><strong>As-tu bien compris qui je suis ?<\/strong><\/h2>\r\n&nbsp;\r\n\r\n<em><strong>Question 1 &#8211; Combien y a-t-il d&rsquo;esp\u00e8ces d&rsquo;abeilles en France ?<\/strong><\/em>\r\n\r\na. 100\r\n\r\nb. 1000\r\n\r\nc. 10000\r\n\r\n<em><strong>Question 2 &#8211; Combien y a-t-il de types d&rsquo;abeilles dans la ruche ?<\/strong><\/em>\r\n\r\na. 3\r\n\r\nb. 5\r\n\r\nc. 7\r\n\r\n<em><strong>Question 3 &#8211; Toutes les abeilles mangent la m\u00eame chose.<\/strong><\/em>\r\n\r\na. Vrai\r\n\r\nb. Faux\r\n\r\n<em><strong>Question 4 &#8211; Quel est le seul membre de la ruche \u00e0 pouvoir pondre un \u0153uf ?<\/strong><\/em>\r\n\r\na. Le faux bourdon\r\n\r\nb. La reine\r\n\r\nc. L&rsquo;abeille ouvri\u00e8re\r\n\r\n<em><strong>Question 5 &#8211; Quel facteur influe sur la dur\u00e9e de vie des abeilles ouvri\u00e8res ?<\/strong><\/em>\r\n\r\na. La saison de naissance\r\n\r\nb. la nourriture\r\n\r\nc. Le lieu de vie\r\n\r\n<em><strong>Question 6 &#8211; Quel aliment fabrique l&rsquo;abeille ?<\/strong><\/em>\r\n\r\na. Le caramel\r\n\r\nb. Le sucre\r\n\r\nc. Le miel\r\n\r\n&nbsp;\r\n\r\n&nbsp;\r\n\r\n&nbsp;\r\n\r\n","protected":false},"excerpt":{"rendered":"<p>Qui suis-je ? &nbsp; Mon nom scientifique est Apis mellifera, je suis un insecte de la famille des Hym\u00e9nopt\u00e8res (\u00e0 ailes membraneuses). Il y a environ 20000 esp\u00e8ces d&rsquo;abeilles dont 1000 rien qu&rsquo;en France. &nbsp; Comment me reconnait-on ? &nbsp; Nombreux sont ceux qui me confondent avec ma cousine la gu\u00eape, et mes cousins le [&hellip;]<\/p>\n","protected":false},"author":26,"featured_media":3590,"comment_status":"open","ping_status":"open","sticky":false,"template":"","format":"standard","meta":{"_jetpack_memberships_contains_paid_content":false,"footnotes":""},"categories":[231],"tags":[],"coauthors":[212,218,63],"class_list":["post-2530","post","type-post","status-publish","format-standard","has-post-thumbnail","hentry","category-sciences"],"jetpack_featured_media_url":"http:\/\/blog.espe-bretagne.fr\/prodm1vannes\/wp-content\/uploads\/2018\/09\/800px-Thomas_Bresson_-_Abeille-1_by.jpg","jetpack_sharing_enabled":true,"_links":{"self":[{"href":"http:\/\/blog.espe-bretagne.fr\/prodm1vannes\/wp-json\/wp\/v2\/posts\/2530","targetHints":{"allow":["GET"]}}],"collection":[{"href":"http:\/\/blog.espe-bretagne.fr\/prodm1vannes\/wp-json\/wp\/v2\/posts"}],"about":[{"href":"http:\/\/blog.espe-bretagne.fr\/prodm1vannes\/wp-json\/wp\/v2\/types\/post"}],"author":[{"embeddable":true,"href":"http:\/\/blog.espe-bretagne.fr\/prodm1vannes\/wp-json\/wp\/v2\/users\/26"}],"replies":[{"embeddable":true,"href":"http:\/\/blog.espe-bretagne.fr\/prodm1vannes\/wp-json\/wp\/v2\/comments?post=2530"}],"version-history":[{"count":60,"href":"http:\/\/blog.espe-bretagne.fr\/prodm1vannes\/wp-json\/wp\/v2\/posts\/2530\/revisions"}],"predecessor-version":[{"id":3576,"href":"http:\/\/blog.espe-bretagne.fr\/prodm1vannes\/wp-json\/wp\/v2\/posts\/2530\/revisions\/3576"}],"wp:featuredmedia":[{"embeddable":true,"href":"http:\/\/blog.espe-bretagne.fr\/prodm1vannes\/wp-json\/wp\/v2\/media\/3590"}],"wp:attachment":[{"href":"http:\/\/blog.espe-bretagne.fr\/prodm1vannes\/wp-json\/wp\/v2\/media?parent=2530"}],"wp:term":[{"taxonomy":"category","embeddable":true,"href":"http:\/\/blog.espe-bretagne.fr\/prodm1vannes\/wp-json\/wp\/v2\/categories?post=2530"},{"taxonomy":"post_tag","embeddable":true,"href":"http:\/\/blog.espe-bretagne.fr\/prodm1vannes\/wp-json\/wp\/v2\/tags?post=2530"},{"taxonomy":"author","embeddable":true,"href":"http:\/\/blog.espe-bretagne.fr\/prodm1vannes\/wp-json\/wp\/v2\/coauthors?post=2530"}],"curies":[{"name":"wp","href":"https:\/\/api.w.org\/{rel}","templated":true}]}}