{"id":2500,"date":"2018-09-26T11:31:08","date_gmt":"2018-09-26T09:31:08","guid":{"rendered":"http:\/\/blog.espe-bretagne.fr\/prodm1vannes\/?p=2500"},"modified":"2018-10-05T11:28:35","modified_gmt":"2018-10-05T09:28:35","slug":"le-pissenlit","status":"publish","type":"post","link":"http:\/\/blog.espe-bretagne.fr\/prodm1vannes\/le-pissenlit\/","title":{"rendered":"Le Pissenlit"},"content":{"rendered":"\r\n\r\n<strong>LE BUANNIC Thibaut , MORRI Aur\u00e9lie, VITKO-JEZEQUEL Yuliia, LAURENT Nathan<\/strong>\r\n\r\n&nbsp;\r\n<h1 style=\"text-align: center\">LE PISSENLIT<\/h1>\r\n<figure id=\"attachment_2538\" aria-describedby=\"caption-attachment-2538\" style=\"width: 400px\" class=\"wp-caption aligncenter\"><img loading=\"lazy\" decoding=\"async\" class=\"wp-image-2538\" src=\"http:\/\/blog.espe-bretagne.fr\/prodm1vannes\/wp-content\/uploads\/2018\/09\/jG9_1VVkosygT5uOQEV8nyvbz9M.jpg\" alt=\"\" width=\"400\" height=\"300\" srcset=\"http:\/\/blog.espe-bretagne.fr\/prodm1vannes\/wp-content\/uploads\/2018\/09\/jG9_1VVkosygT5uOQEV8nyvbz9M.jpg 800w, http:\/\/blog.espe-bretagne.fr\/prodm1vannes\/wp-content\/uploads\/2018\/09\/jG9_1VVkosygT5uOQEV8nyvbz9M-300x225.jpg 300w, http:\/\/blog.espe-bretagne.fr\/prodm1vannes\/wp-content\/uploads\/2018\/09\/jG9_1VVkosygT5uOQEV8nyvbz9M-768x576.jpg 768w\" sizes=\"auto, (max-width: 400px) 100vw, 400px\" \/><figcaption id=\"caption-attachment-2538\" class=\"wp-caption-text\">Photo de pissenlits. ( http:\/\/elevagechardonneretparvaetco.eklablog.com\/pissenlit-et-ortie-pour-nos-oiseau-periode-de-preparation-et-de-nourri-a82144898 )<\/figcaption><\/figure>\r\n<h2>Un pissenlit, c&rsquo;est quoi ?<\/h2>\r\nUn pissenlit, c&rsquo;est une <strong>plante vivace<\/strong> que l&rsquo;on trouve g\u00e9n\u00e9ralement de Mars \u00e0 Novembre dans les prairies, bois clairs, clairi\u00e8res, chemins\u2026 Contrairement \u00e0 ce que l\u2019on pourrait croire, la tige du pissenlit ( aussi appel\u00e9 <strong>p\u00e9doncule<\/strong> ) ne porte pas une fleur, mais un bouquet d&rsquo;une centaine de fleurs jaune vif. Elles sont toutes rassembl\u00e9es dans un r\u00e9ceptacle appel\u00e9 le <strong>capitule<\/strong>. Le pissenlit fait partie de la famille des compos\u00e9es (plantes qui regroupent plusieurs fleurs dans un seul r\u00e9ceptacle).\r\n\r\n<figure id=\"attachment_3134\" aria-describedby=\"caption-attachment-3134\" style=\"width: 390px\" class=\"wp-caption alignnone\"><img loading=\"lazy\" decoding=\"async\" class=\"wp-image-3134 \" src=\"http:\/\/blog.espe-bretagne.fr\/prodm1vannes\/wp-content\/uploads\/2018\/09\/fleurvscapitule-300x199.jpg\" alt=\"\" width=\"390\" height=\"259\" srcset=\"http:\/\/blog.espe-bretagne.fr\/prodm1vannes\/wp-content\/uploads\/2018\/09\/fleurvscapitule-300x199.jpg 300w, http:\/\/blog.espe-bretagne.fr\/prodm1vannes\/wp-content\/uploads\/2018\/09\/fleurvscapitule.jpg 600w\" sizes=\"auto, (max-width: 390px) 100vw, 390px\" \/><figcaption id=\"caption-attachment-3134\" class=\"wp-caption-text\">Diff\u00e9rence Fleur de ficaire ( \u00e0 gauche ) \/ Capitule de pissenlit ( \u00e0 droite ) ( https:\/\/www.animateur-nature.com\/a_la_loupe\/pissenlit.html )<\/figcaption><\/figure>\r\n\r\nAu cours de sa vie, le pissenlit se transforme pour pouvoir se reproduire. On la reconnait alors \u00e0 sa forme de boule blanche duveteuse compos\u00e9e de centaines de <strong>graines d&rsquo;ak\u00e8nes<\/strong> avec chacune leur petit parachute. On reconnait aussi le pissenlit \u00e0 ses <strong>feuilles<\/strong>, semblables \u00e0 des harpons.\r\n\r\n<figure id=\"attachment_3162\" aria-describedby=\"caption-attachment-3162\" style=\"width: 300px\" class=\"wp-caption alignnone\"><img loading=\"lazy\" decoding=\"async\" class=\"wp-image-3162 size-medium\" src=\"http:\/\/blog.espe-bretagne.fr\/prodm1vannes\/wp-content\/uploads\/2018\/09\/mainImage-full-9587419-300x200.jpg\" alt=\"\" width=\"300\" height=\"200\" srcset=\"http:\/\/blog.espe-bretagne.fr\/prodm1vannes\/wp-content\/uploads\/2018\/09\/mainImage-full-9587419-300x200.jpg 300w, http:\/\/blog.espe-bretagne.fr\/prodm1vannes\/wp-content\/uploads\/2018\/09\/mainImage-full-9587419-768x512.jpg 768w, http:\/\/blog.espe-bretagne.fr\/prodm1vannes\/wp-content\/uploads\/2018\/09\/mainImage-full-9587419.jpg 1024w\" sizes=\"auto, (max-width: 300px) 100vw, 300px\" \/><figcaption id=\"caption-attachment-3162\" class=\"wp-caption-text\">Un pissenlit au vent ( https:\/\/jardinage.ooreka.fr\/plante\/voir\/125\/pissenlit )<\/figcaption><\/figure>\r\n\r\n<figure id=\"attachment_3139\" aria-describedby=\"caption-attachment-3139\" style=\"width: 300px\" class=\"wp-caption alignnone\"><img loading=\"lazy\" decoding=\"async\" class=\"wp-image-3139 size-medium\" src=\"http:\/\/blog.espe-bretagne.fr\/prodm1vannes\/wp-content\/uploads\/2018\/09\/feuipis-300x83.jpg\" alt=\"\" width=\"300\" height=\"83\" srcset=\"http:\/\/blog.espe-bretagne.fr\/prodm1vannes\/wp-content\/uploads\/2018\/09\/feuipis-300x83.jpg 300w, http:\/\/blog.espe-bretagne.fr\/prodm1vannes\/wp-content\/uploads\/2018\/09\/feuipis.jpg 400w\" sizes=\"auto, (max-width: 300px) 100vw, 300px\" \/><figcaption id=\"caption-attachment-3139\" class=\"wp-caption-text\">Feuille de pissenlit ( http:\/\/www.univers-nature.com\/durable-co\/flore\/pissenlit-51314.html )<\/figcaption><\/figure>\r\n<h2>Un pissenlit, comment \u00e7a se reproduit ?<\/h2>\r\nLe pissenlit est une plante dite <strong>hermaphrodite<\/strong>, cela signifie qu&rsquo;elle a des organes m\u00e2les et femelles et est donc capable de se reproduire toute seule.\r\n\r\nPour se faire, le pissenlit passe par 4 \u00e9tapes :\r\n\r\n<figure id=\"attachment_2546\" aria-describedby=\"caption-attachment-2546\" style=\"width: 259px\" class=\"wp-caption alignleft\"><img loading=\"lazy\" decoding=\"async\" class=\"wp-image-2546 size-full\" src=\"http:\/\/blog.espe-bretagne.fr\/prodm1vannes\/wp-content\/uploads\/2018\/09\/images.jpg\" alt=\"\" width=\"259\" height=\"195\" \/><figcaption id=\"caption-attachment-2546\" class=\"wp-caption-text\">An\u00e9mochorie (NewsjardinTV)<\/figcaption><\/figure>\r\n<h3><\/h3>\r\n<h3><strong>\u00c9tape 1 : L&rsquo;an\u00e9mochorie<\/strong><\/h3>\r\nChaque fleur du pissenlit va donner un fruit appel\u00e9 une <strong>graine d&rsquo;ak\u00e8ne<\/strong>.\r\n\r\nGr\u00e2ce \u00e0 leur petit parachute duveteux, elles se dispersent tr\u00e8s facilement gr\u00e2ce au <strong>vent<\/strong> et peuvent ainsi parcourir de tr\u00e8s longues distances, pouvant m\u00eame atteindre une dizaine de kilom\u00e8tres, avant de retomber sur le sol.\r\n\r\nLes graines vont ensuite rester en sommeil tout l&rsquo;hiver.\r\n\r\n&nbsp;\r\n\r\n&nbsp;\r\n\r\n<figure id=\"attachment_2580\" aria-describedby=\"caption-attachment-2580\" style=\"width: 254px\" class=\"wp-caption alignleft\"><img loading=\"lazy\" decoding=\"async\" class=\"wp-image-2580\" src=\"http:\/\/blog.espe-bretagne.fr\/prodm1vannes\/wp-content\/uploads\/2018\/09\/images2.jpg\" alt=\"\" width=\"254\" height=\"187\" \/><figcaption id=\"caption-attachment-2580\" class=\"wp-caption-text\">Graines d&rsquo;ak\u00e8ne ( en marron ) (Dreamstime.com)<\/figcaption><\/figure>\r\n<h3><strong>\u00c9tape 2 : La germination\r\n<\/strong><\/h3>\r\nQuand l&rsquo;hiver se termine, la graine <strong>germe<\/strong> pour <strong>s&rsquo;enraciner dans le sol<\/strong> en m\u00eame temps que la <strong>tige<\/strong> ( ou p\u00e9doncule ) se d\u00e9veloppe \u00e0 la surface.\r\n\r\n&nbsp;\r\n<h3><strong>\u00c9tape 3 : La croissance\r\n<\/strong><\/h3>\r\nA mesure que le pissenlit se nourrit d&rsquo;<strong>eau<\/strong>, de <strong>soleil<\/strong> et de <strong>sels min\u00e9raux<\/strong>, le pissenlit continue sa <strong>croissance<\/strong> : sa tige s&rsquo;allonge et ses feuilles grandissent, tandis que le futur capitule, qui accueillera les fleurs, commence \u00e0 se former.\r\n\r\n&nbsp;\r\n<h3><strong>\u00c9tape 4 : La floraison<\/strong><\/h3>\r\nEnfin, les <strong>fleurs<\/strong> apparaissent dans le capitule et le pissenlit est pr\u00eat pour un nouveau <strong>cycle de vie<\/strong>.\r\n\r\n<figure id=\"attachment_3623\" aria-describedby=\"caption-attachment-3623\" style=\"width: 350px\" class=\"wp-caption alignnone\"><img loading=\"lazy\" decoding=\"async\" class=\"wp-image-3623 \" src=\"http:\/\/blog.espe-bretagne.fr\/prodm1vannes\/wp-content\/uploads\/2018\/09\/life-cycle-dandelion-plant-isolated-white-background-life-cycle-dandelion-plant-isolated-white-121401220-281x300.jpg\" alt=\"\" width=\"350\" height=\"374\" srcset=\"http:\/\/blog.espe-bretagne.fr\/prodm1vannes\/wp-content\/uploads\/2018\/09\/life-cycle-dandelion-plant-isolated-white-background-life-cycle-dandelion-plant-isolated-white-121401220-281x300.jpg 281w, http:\/\/blog.espe-bretagne.fr\/prodm1vannes\/wp-content\/uploads\/2018\/09\/life-cycle-dandelion-plant-isolated-white-background-life-cycle-dandelion-plant-isolated-white-121401220-768x821.jpg 768w, http:\/\/blog.espe-bretagne.fr\/prodm1vannes\/wp-content\/uploads\/2018\/09\/life-cycle-dandelion-plant-isolated-white-background-life-cycle-dandelion-plant-isolated-white-121401220-958x1024.jpg 958w, http:\/\/blog.espe-bretagne.fr\/prodm1vannes\/wp-content\/uploads\/2018\/09\/life-cycle-dandelion-plant-isolated-white-background-life-cycle-dandelion-plant-isolated-white-121401220.jpg 1300w\" sizes=\"auto, (max-width: 350px) 100vw, 350px\" \/><figcaption id=\"caption-attachment-3623\" class=\"wp-caption-text\">Cycle de vie du pissenlit (https:\/\/www.dreamstime.com\/life-cycle-dandelion-plant-isolated-white-background-life-cycle-dandelion-plant-isolated-white-image121401220)<\/figcaption><\/figure>\r\n<h2>Un pissenlit, \u00e0 quoi \u00e7a sert ?<\/h2>\r\nLe pissenlit a de nombreuses utilisations dans l&rsquo;<strong>alimentation<\/strong>.\r\n\r\nSes jeunes feuilles peuvent \u00eatre utilis\u00e9es en salade avec des cro\u00fbtons, des \u0153ufs, des morceaux de fromage\u2026\u00a0Une fois cuites elles peuvent remplacer les \u00e9pinards, ou compl\u00e9ter certaines soupes.\r\n\r\nLes boutons de fleurs peuvent \u00eatre utilis\u00e9s en remplacement des pointes d\u2019asperges. Les racines grill\u00e9es peuvent \u00eatre un bon substitut du caf\u00e9.\u00a0Autrefois les fleurs entraient dans la coloration du beurre.\r\n\r\nSes propri\u00e9t\u00e9s <strong>m\u00e9dicinales<\/strong> ne sont plus \u00e0 prouver : d\u00e9purative, diur\u00e9tique, laxative, revitalisante, tonique, cholagogue.\r\n<h2>Un pissenlit, o\u00f9 on en parle ?<\/h2>\r\n&nbsp;\r\n\r\n<figure id=\"attachment_3646\" aria-describedby=\"caption-attachment-3646\" style=\"width: 200px\" class=\"wp-caption alignleft\"><img loading=\"lazy\" decoding=\"async\" class=\"wp-image-3646 size-full\" src=\"http:\/\/blog.espe-bretagne.fr\/prodm1vannes\/wp-content\/uploads\/2018\/09\/A-quoi-reve-un-pienlit-.gif\" alt=\"\" width=\"200\" height=\"226\" \/><figcaption id=\"caption-attachment-3646\" class=\"wp-caption-text\">A quoi r\u00eave un pissenlit ? (https:\/\/decitre.di-static.com\/img\/200&#215;303\/lydie-sabourin-a-quoi-reve-un-pissenlit\/9782912138903FS.gif)<\/figcaption><\/figure>\r\n\r\n<span style=\"text-decoration: underline\">A quoi r\u00eave un pissenlit<\/span>, <em>Lydie Sabourin et Alice Bri\u00e8re-Haquet<\/em> ( Point de Suspension &#8211; 2009 )\r\n\r\nUn pissenlit dans la ville\r\nEntour\u00e9 d\u2019immenses murs gris\r\nSe sent tout petit, petit.\r\n\r\nAlors la nuit,\r\nQuand tout le monde dort\r\nIl r\u00eave d\u2019\u00eatre tournesol\r\n\r\n&nbsp;\r\n\r\n&nbsp;\r\n\r\n&nbsp;\r\n\r\n&nbsp;\r\n\r\n<figure id=\"attachment_3644\" aria-describedby=\"caption-attachment-3644\" style=\"width: 200px\" class=\"wp-caption alignleft\"><img loading=\"lazy\" decoding=\"async\" class=\"wp-image-3644 size-full\" src=\"http:\/\/blog.espe-bretagne.fr\/prodm1vannes\/wp-content\/uploads\/2018\/09\/9782508008726FS.gif\" alt=\"\" width=\"200\" height=\"200\" \/><figcaption id=\"caption-attachment-3644\" class=\"wp-caption-text\">Christopher Grignote : Le gardien du dernier pissenlit (https:\/\/decitre.di-static.com\/img\/200&#215;303\/charlotte-middleton-christopher-grignotin\/9782508008726FS.gif)<\/figcaption><\/figure>\r\n\r\n<span dir=\"ltr\"><span style=\"text-decoration: underline\">Christopher Grignotin: Le gardien du dernier pissenlit<\/span>, <em>Charlotte Middleton<\/em> ( Hemma &#8211; 2010 )\r\n<\/span>\r\n\r\nLes cochons d&rsquo;Inde de Dindeville aiment tant grignoter les feuilles de pissenlits que lentement mais s\u00fbrement les pissenlits disparaissent de toute la r\u00e9gion.\r\n\r\nChristopher Grignotin sait que le temps du grignotage est termin\u00e9 puisque seul un pissenlit survit. Mais ce courageux petit cochon d&rsquo;Inde sauvera-t-il la situation gr\u00e2ce au pouvoir d&rsquo;une fleur ?\r\n\r\n&nbsp;\r\n\r\n&nbsp;\r\n\r\n&nbsp;\r\n\r\n&nbsp;\r\n\r\n&nbsp;\r\n\r\n&nbsp;\r\n\r\n<figure id=\"attachment_3655\" aria-describedby=\"caption-attachment-3655\" style=\"width: 189px\" class=\"wp-caption alignleft\"><img loading=\"lazy\" decoding=\"async\" class=\"wp-image-3655 size-full\" src=\"http:\/\/blog.espe-bretagne.fr\/prodm1vannes\/wp-content\/uploads\/2018\/09\/cvt_Pomelo-est-bien-sous-son-pissenlit_6731.jpeg\" alt=\"\" width=\"189\" height=\"256\" \/><figcaption id=\"caption-attachment-3655\" class=\"wp-caption-text\">Pomelo est bien sous son pissenlit (https:\/\/www.enseignants.magnard.fr\/sites\/default\/files\/styles\/visuel_gf\/public\/produits\/images\/couvertures\/9782210061927-p.jpg?itok=dQSA5w_W)<\/figcaption><\/figure>\r\n\r\n<span style=\"text-decoration: underline\">Pomelo est bien sous son pissenlit<\/span>, <em>Ramona Badescu et Benjamin Chaud<\/em> ( Albin Michel Jeunesse &#8211; 2002 )\r\n\r\nPomelo est un \u00e9l\u00e9phant de jardin. Il est si petit qu&rsquo;il vit sous un pissenlit !\r\nIl lui arrive bien des m\u00e9saventures avec sa trompe&#8230; Elle est bien trop longue !\r\nIl a parfois un peu peur&#8230; Des poireaux, la nuit.\r\nMais il s&rsquo;amuse beaucoup&#8230; En naviguant sur la ros\u00e9e dans une coquille de noix.\r\n\r\n","protected":false},"excerpt":{"rendered":"<p>LE BUANNIC Thibaut , MORRI Aur\u00e9lie, VITKO-JEZEQUEL Yuliia, LAURENT Nathan &nbsp; LE PISSENLIT Un pissenlit, c&rsquo;est quoi ? Un pissenlit, c&rsquo;est une plante vivace que l&rsquo;on trouve g\u00e9n\u00e9ralement de Mars \u00e0 Novembre dans les prairies, bois clairs, clairi\u00e8res, chemins\u2026 Contrairement \u00e0 ce que l\u2019on pourrait croire, la tige du pissenlit ( aussi appel\u00e9 p\u00e9doncule ) [&hellip;]<\/p>\n","protected":false},"author":26,"featured_media":2538,"comment_status":"open","ping_status":"open","sticky":false,"template":"","format":"standard","meta":{"_jetpack_memberships_contains_paid_content":false,"footnotes":""},"categories":[231],"tags":[],"coauthors":[177,133,161,137,63],"class_list":["post-2500","post","type-post","status-publish","format-standard","has-post-thumbnail","hentry","category-sciences"],"jetpack_featured_media_url":"http:\/\/blog.espe-bretagne.fr\/prodm1vannes\/wp-content\/uploads\/2018\/09\/jG9_1VVkosygT5uOQEV8nyvbz9M.jpg","jetpack_sharing_enabled":true,"_links":{"self":[{"href":"http:\/\/blog.espe-bretagne.fr\/prodm1vannes\/wp-json\/wp\/v2\/posts\/2500","targetHints":{"allow":["GET"]}}],"collection":[{"href":"http:\/\/blog.espe-bretagne.fr\/prodm1vannes\/wp-json\/wp\/v2\/posts"}],"about":[{"href":"http:\/\/blog.espe-bretagne.fr\/prodm1vannes\/wp-json\/wp\/v2\/types\/post"}],"author":[{"embeddable":true,"href":"http:\/\/blog.espe-bretagne.fr\/prodm1vannes\/wp-json\/wp\/v2\/users\/26"}],"replies":[{"embeddable":true,"href":"http:\/\/blog.espe-bretagne.fr\/prodm1vannes\/wp-json\/wp\/v2\/comments?post=2500"}],"version-history":[{"count":25,"href":"http:\/\/blog.espe-bretagne.fr\/prodm1vannes\/wp-json\/wp\/v2\/posts\/2500\/revisions"}],"predecessor-version":[{"id":3659,"href":"http:\/\/blog.espe-bretagne.fr\/prodm1vannes\/wp-json\/wp\/v2\/posts\/2500\/revisions\/3659"}],"wp:featuredmedia":[{"embeddable":true,"href":"http:\/\/blog.espe-bretagne.fr\/prodm1vannes\/wp-json\/wp\/v2\/media\/2538"}],"wp:attachment":[{"href":"http:\/\/blog.espe-bretagne.fr\/prodm1vannes\/wp-json\/wp\/v2\/media?parent=2500"}],"wp:term":[{"taxonomy":"category","embeddable":true,"href":"http:\/\/blog.espe-bretagne.fr\/prodm1vannes\/wp-json\/wp\/v2\/categories?post=2500"},{"taxonomy":"post_tag","embeddable":true,"href":"http:\/\/blog.espe-bretagne.fr\/prodm1vannes\/wp-json\/wp\/v2\/tags?post=2500"},{"taxonomy":"author","embeddable":true,"href":"http:\/\/blog.espe-bretagne.fr\/prodm1vannes\/wp-json\/wp\/v2\/coauthors?post=2500"}],"curies":[{"name":"wp","href":"https:\/\/api.w.org\/{rel}","templated":true}]}}